{"id":57494,"date":"2025-07-14T12:41:40","date_gmt":"2025-07-14T19:41:40","guid":{"rendered":"https:\/\/www.puntociegoeditorial.com\/web\/?p=57494"},"modified":"2025-07-14T12:41:40","modified_gmt":"2025-07-14T19:41:40","slug":"sinaloa-registra-un-12-por-ciento-de-incremento-en-el-pago-del-impuesto-sobre-nomina-da-a-conocer-el-gobernador-rocha","status":"publish","type":"post","link":"https:\/\/www.puntociegoeditorial.com\/web\/2025\/07\/14\/sinaloa-registra-un-12-por-ciento-de-incremento-en-el-pago-del-impuesto-sobre-nomina-da-a-conocer-el-gobernador-rocha\/","title":{"rendered":"Sinaloa registra un 12 por ciento de incremento en el pago del Impuesto sobre N\u00f3mina, da a conocer el gobernador Rocha"},"content":{"rendered":"\n<p><em>El mandatario estatal hizo un agradecimiento a los patrones que est\u00e1n cumpliendo esta obligaci\u00f3n y siguen manteniendo los empleos<\/em><\/p>\n\n\n\n<p>Culiac\u00e1n, Sinaloa, a 14 de julio de 2025.- Durante su Conferencia Semanera, el gobernador Rub\u00e9n Rocha Moya dio a conocer que en un comparativo con el 2024, al corte del primer semestre de este a\u00f1o el Servicio de Administraci\u00f3n Tributaria del Estado de Sinaloa (SATES) registra un incremento del 12 por ciento en el pago del Impuesto Sobre N\u00f3mina, lo que significa que se mantienen los empleos formales.<\/p>\n\n\n\n<p>\u201cEste semestre, la primera parte de este a\u00f1o, tenemos un 12 por ciento m\u00e1s de pago del Impuesto Sobre N\u00f3mina, \u00bfqu\u00e9 quiere decir? Pues que tienen a los trabajadores a los que les est\u00e1n pagando ese impuesto, y si tenemos un 12 por ciento m\u00e1s de pago en este semestre, est\u00e1n funcionando las empresas, pues si no, lo que har\u00edan ser\u00eda registro de despido de trabajadores, pero est\u00e1n pagando\u201d, se\u00f1al\u00f3.<\/p>\n\n\n\n<p>El mandatario estatal aprovech\u00f3 para agradecer a los patrones que est\u00e1n cumpliendo con esa obligaci\u00f3n, pues significa que las empresas siguen generando empleo y desarrollo econ\u00f3mico aun cuando se vive esta situaci\u00f3n que se ha presentado en Sinaloa de septiembre pasado a la fecha.<\/p>\n\n\n\n<p>\u201cEsto yo lo agradezco no solamente porque son recursos que le entran al Estado, sino porque me da la clara idea de que los trabajadores est\u00e1n ah\u00ed trabajando, ah\u00ed est\u00e1 la n\u00f3mina, y que est\u00e1n por lo tanto cumpliendo su obligaci\u00f3n y agradezco a los patrones que est\u00e9n cumpliendo su obligaci\u00f3n y la est\u00e1n cumpliendo en un incremento con respecto al a\u00f1o pasado, del 12 por ciento\u201d, a\u00f1adi\u00f3.<\/p>\n\n\n\n<p>Por otra parte, el gobernador Rocha record\u00f3 que a ra\u00edz de la situaci\u00f3n que se gener\u00f3 desde septiembre del a\u00f1o pasado, se ha estado apoyando con recursos econ\u00f3micos a los micro y peque\u00f1os empresarios, a fin de que mantengan su actividad.<\/p>\n\n\n\n<p>Explic\u00f3 que no se trata de cr\u00e9ditos sino de apoyos a fondo perdido desde 5 mil hasta 20 mil pesos para las micro empresarias que tienen desde 5 hasta 10 trabajadores, como son peque\u00f1os restaurantes, comerciantes, por ejemplo, e incluso a varios microempresarios se les ha apoyado en m\u00e1s de una ocasi\u00f3n, sobre todo aqu\u00ed en Culiac\u00e1n, donde se tuvo un mayor impacto en la econom\u00eda local.<\/p>\n\n\n\n<p>Adicional a esos apoyos econ\u00f3micos, el gobernador Rocha se refiri\u00f3 tambi\u00e9n al Programa Equipa Sinaloa, que consiste en la entrega gratuita a mobiliario para micro empresas, como son est\u00e9ticas, cenadur\u00edas, taquer\u00edas, carritos de hotdogs, por ejemplo, e incluso la semana pasada tuvo lugar la m\u00e1s reciente entrega aqu\u00ed en Culiac\u00e1n.<\/p>\n\n\n\n<p>Al respecto, el secretario de Econom\u00eda, Ricardo Velarde C\u00e1rdenas, inform\u00f3 que a trav\u00e9s de Equipa Sinaloa ya se han entregado m\u00e1s de 10 mil equipos, en beneficio a 50 mil microempresarios y comerciantes, y como lo dijo el mandatario estatal, la semana pasada fueron entregados 998 equipos a 347 personas que trabajan en su propio oficio.<\/p>\n","protected":false},"excerpt":{"rendered":"<p>El mandatario estatal hizo un agradecimiento a los patrones que est\u00e1n cumpliendo esta obligaci\u00f3n y siguen manteniendo los empleos Culiac\u00e1n, Sinaloa, a 14 de julio de 2025.- Durante su Conferencia Semanera, el gobernador Rub\u00e9n Rocha Moya dio a conocer que en un comparativo con el 2024, al corte del primer semestre de este a\u00f1o el [&hellip;]<\/p>\n","protected":false},"author":2,"featured_media":57495,"comment_status":"closed","ping_status":"open","sticky":false,"template":"","format":"standard","meta":{"_mi_skip_tracking":false,"footnotes":""},"categories":[13],"tags":[],"class_list":["post-57494","post","type-post","status-publish","format-standard","has-post-thumbnail","hentry","category-sinaloa"],"_links":{"self":[{"href":"https:\/\/www.puntociegoeditorial.com\/web\/wp-json\/wp\/v2\/posts\/57494","targetHints":{"allow":["GET"]}}],"collection":[{"href":"https:\/\/www.puntociegoeditorial.com\/web\/wp-json\/wp\/v2\/posts"}],"about":[{"href":"https:\/\/www.puntociegoeditorial.com\/web\/wp-json\/wp\/v2\/types\/post"}],"author":[{"embeddable":true,"href":"https:\/\/www.puntociegoeditorial.com\/web\/wp-json\/wp\/v2\/users\/2"}],"replies":[{"embeddable":true,"href":"https:\/\/www.puntociegoeditorial.com\/web\/wp-json\/wp\/v2\/comments?post=57494"}],"version-history":[{"count":1,"href":"https:\/\/www.puntociegoeditorial.com\/web\/wp-json\/wp\/v2\/posts\/57494\/revisions"}],"predecessor-version":[{"id":57496,"href":"https:\/\/www.puntociegoeditorial.com\/web\/wp-json\/wp\/v2\/posts\/57494\/revisions\/57496"}],"wp:featuredmedia":[{"embeddable":true,"href":"https:\/\/www.puntociegoeditorial.com\/web\/wp-json\/wp\/v2\/media\/57495"}],"wp:attachment":[{"href":"https:\/\/www.puntociegoeditorial.com\/web\/wp-json\/wp\/v2\/media?parent=57494"}],"wp:term":[{"taxonomy":"category","embeddable":true,"href":"https:\/\/www.puntociegoeditorial.com\/web\/wp-json\/wp\/v2\/categories?post=57494"},{"taxonomy":"post_tag","embeddable":true,"href":"https:\/\/www.puntociegoeditorial.com\/web\/wp-json\/wp\/v2\/tags?post=57494"}],"curies":[{"name":"wp","href":"https:\/\/api.w.org\/{rel}","templated":true}]}}