{"id":59862,"date":"2025-09-30T15:24:06","date_gmt":"2025-09-30T22:24:06","guid":{"rendered":"https:\/\/www.puntociegoeditorial.com\/web\/?p=59862"},"modified":"2025-10-03T21:17:32","modified_gmt":"2025-10-04T04:17:32","slug":"inicia-congreso-su-segundo-ano-de-ejercicio-constitucional","status":"publish","type":"post","link":"https:\/\/www.puntociegoeditorial.com\/web\/2025\/09\/30\/inicia-congreso-su-segundo-ano-de-ejercicio-constitucional\/","title":{"rendered":"Inicia Congreso su Segundo A\u00f1o de Ejercicio Constitucional"},"content":{"rendered":"\n<p><em>Eligen diputadas y diputados nueva Mesa Directiva<\/em><\/p>\n\n\n\n<p>Culiac\u00e1n, Sinaloa. 30 de septiembre de 2025.- El Congreso del Estado de Sinaloa inici\u00f3 este 30 de septiembre de 2025 en Sesi\u00f3n Solemne, el Primer Per\u00edodo Ordinario de Sesiones del Segundo A\u00f1o de Ejercicio Constitucional de la 65 Legislatura, el cual concluir\u00e1 el 31 de enero pr\u00f3ximo.<\/p>\n\n\n\n<p>En Sesi\u00f3n Solemne, que fue encabezada por la presidenta de la Mesa Directiva, Yeraldine Bonilla Valverde, asistieron el Magistrado Presidente del Supremo Tribunal de Justicia, Jes\u00fas Iv\u00e1n Ch\u00e1vez Rangel, y el Secretario General de Gobierno, Feliciano Castro Mel\u00e9ndrez, quien tuvo la representaci\u00f3n personal del gobernador Rub\u00e9n Rocha Moya.<\/p>\n\n\n\n<p>Luego de la declaratoria oficial de apertura del Primer Per\u00edodo Ordinario a cargo de la presidenta de la Mesa Directiva saliente, Yeraldine Bonilla Valverde, el diputado V\u00edctor Antonio Corrales Burgue\u00f1o present\u00f3, a nombre de la Junta de Coordinaci\u00f3n Pol\u00edtica, una propuesta consensuada de integraci\u00f3n de la Mesa Directiva entrante, la cual se aprob\u00f3 por mayor\u00eda y que fungir\u00e1 como tal durante todo el Segundo A\u00f1o de Ejercicio Constitucional, que concluye el 30 de septiembre de 2026.<\/p>\n\n\n\n<p>La nueva Mesa Directiva qued\u00f3 integrada de la siguiente manera:<\/p>\n\n\n\n<p>Dip. Yeraldine Bonilla Valverde, presidenta<br>Dip. Rita Fierro Reyes, vicepresidenta<br>Dip. Jorge Antonio Gonz\u00e1lez Flores, vicepresidente<br>Dip. Moncerrat L\u00f3pez L\u00f3pez, secretaria<br>Dip. H\u00f3llincer Castro Mara\u00f1\u00f3n, secretario<br>Dip. Juan Diego Aranzubia Iturrios, prosecretario<br>Dip. Luz Ver\u00f3nica Avil\u00e9s Roch\u00edn, prosecretaria<\/p>\n\n\n\n<p>Pasada la elecci\u00f3n, la diputada Yeraldine Bonilla, que repite como presidenta, invit\u00f3 a diputadas y diputados integrantes de la nueva Mesa Directiva a ocupar sus lugares y tom\u00f3 la protesta como tal, y luego hizo lo propio con el resto de los integrantes de la Mesa Directiva, con lo cual se declar\u00f3 formalmente instalada.<\/p>\n\n\n\n<p>Durante la Sesi\u00f3n, el presidente de la Diputaci\u00f3n Permanente que estuvo sesionando durante el Per\u00edodo de Receso, Ambrocio Ch\u00e1vez Ch\u00e1vez, entreg\u00f3 el correspondiente informe de los asuntos que se atendieron durante el Per\u00edodo de Receso, comprendido del 01 de agosto al 30 de septiembre.<\/p>\n\n\n\n<p>De Acuerdo a la Ley Org\u00e1nica del Congreso del Estado de Sinaloa, corresponde a la Mesa Directiva conducir las Sesiones del Pleno preservando la libertad de las deliberaciones, cuidar de la efectividad del trabajo legislativo y aplicar con imparcialidad las disposiciones de esta Ley, sus Reglamentos y los Acuerdos que apruebe el Congreso.<\/p>\n\n\n\n<p>La Mesa Directiva funcionar\u00e1 como \u00f3rgano colegiado, bajo la coordinaci\u00f3n de su presidenta; adoptar\u00e1 sus decisiones por consenso y, en caso de no lograrse el mismo, mediante mayor\u00eda resultante del voto ponderado de sus integrantes, en el cual el diputado que est\u00e9 facultado para ello, representar\u00e1 tantos votos como integrantes tenga su grupo parlamentario.<\/p>\n\n\n\n<p>La Mesa Directiva observar\u00e1 en su actuaci\u00f3n los principios de imparcialidad y objetividad.<\/p>\n","protected":false},"excerpt":{"rendered":"<p>Eligen diputadas y diputados nueva Mesa Directiva Culiac\u00e1n, Sinaloa. 30 de septiembre de 2025.- El Congreso del Estado de Sinaloa inici\u00f3 este 30 de septiembre de 2025 en Sesi\u00f3n Solemne, el Primer Per\u00edodo Ordinario de Sesiones del Segundo A\u00f1o de Ejercicio Constitucional de la 65 Legislatura, el cual concluir\u00e1 el 31 de enero pr\u00f3ximo. En [&hellip;]<\/p>\n","protected":false},"author":2,"featured_media":59863,"comment_status":"closed","ping_status":"open","sticky":false,"template":"","format":"standard","meta":{"_mi_skip_tracking":false,"footnotes":""},"categories":[13],"tags":[],"class_list":["post-59862","post","type-post","status-publish","format-standard","has-post-thumbnail","hentry","category-sinaloa"],"_links":{"self":[{"href":"https:\/\/www.puntociegoeditorial.com\/web\/wp-json\/wp\/v2\/posts\/59862","targetHints":{"allow":["GET"]}}],"collection":[{"href":"https:\/\/www.puntociegoeditorial.com\/web\/wp-json\/wp\/v2\/posts"}],"about":[{"href":"https:\/\/www.puntociegoeditorial.com\/web\/wp-json\/wp\/v2\/types\/post"}],"author":[{"embeddable":true,"href":"https:\/\/www.puntociegoeditorial.com\/web\/wp-json\/wp\/v2\/users\/2"}],"replies":[{"embeddable":true,"href":"https:\/\/www.puntociegoeditorial.com\/web\/wp-json\/wp\/v2\/comments?post=59862"}],"version-history":[{"count":1,"href":"https:\/\/www.puntociegoeditorial.com\/web\/wp-json\/wp\/v2\/posts\/59862\/revisions"}],"predecessor-version":[{"id":59864,"href":"https:\/\/www.puntociegoeditorial.com\/web\/wp-json\/wp\/v2\/posts\/59862\/revisions\/59864"}],"wp:featuredmedia":[{"embeddable":true,"href":"https:\/\/www.puntociegoeditorial.com\/web\/wp-json\/wp\/v2\/media\/59863"}],"wp:attachment":[{"href":"https:\/\/www.puntociegoeditorial.com\/web\/wp-json\/wp\/v2\/media?parent=59862"}],"wp:term":[{"taxonomy":"category","embeddable":true,"href":"https:\/\/www.puntociegoeditorial.com\/web\/wp-json\/wp\/v2\/categories?post=59862"},{"taxonomy":"post_tag","embeddable":true,"href":"https:\/\/www.puntociegoeditorial.com\/web\/wp-json\/wp\/v2\/tags?post=59862"}],"curies":[{"name":"wp","href":"https:\/\/api.w.org\/{rel}","templated":true}]}}