{"id":59891,"date":"2025-10-01T15:36:01","date_gmt":"2025-10-01T22:36:01","guid":{"rendered":"https:\/\/www.puntociegoeditorial.com\/web\/?p=59891"},"modified":"2025-10-03T21:21:22","modified_gmt":"2025-10-04T04:21:22","slug":"congreso-del-estado-manifiesta-en-comision-su-apoyo-a-la-uas","status":"publish","type":"post","link":"https:\/\/www.puntociegoeditorial.com\/web\/2025\/10\/01\/congreso-del-estado-manifiesta-en-comision-su-apoyo-a-la-uas\/","title":{"rendered":"Congreso del Estado manifiesta en Comisi\u00f3n su apoyo a la UAS"},"content":{"rendered":"\n<p><em>Diputados y diputada comprometen acciones de respaldo<\/em><\/p>\n\n\n\n<p>Culiac\u00e1n, Sinaloa. 1 de octubre de 2025.- En una reuni\u00f3n desarrollada este mi\u00e9rcoles, marcada por el di\u00e1logo constructivo, la Comisi\u00f3n de Educaci\u00f3n, Ciencia y Tecnolog\u00eda del Congreso del Estado y autoridades de la Universidad Aut\u00f3noma de Sinaloa acordaron trabajar de manera conjunta para superar la crisis financiera de la Casa Rosalina.<\/p>\n\n\n\n<p>En esta reuni\u00f3n, que estuvo encabezada por el presidente de la Comisi\u00f3n, el diputado Manuel de Jes\u00fas Guerrero Verdugo, se cont\u00f3 con la presencia del Rector de la Universidad Aut\u00f3noma de Sinaloa, el doctor Jes\u00fas Madue\u00f1a Molina, quien hizo una exposici\u00f3n sobre la situaci\u00f3n que guarda la instituci\u00f3n a su cargo, en la que dio a conocer la complejidad financiera por la que est\u00e1n atravesando.<\/p>\n\n\n\n<p>En su exposici\u00f3n, Madue\u00f1a Molina destac\u00f3 los logros de la UAS en materia de cobertura educativa, calidad acad\u00e9mica y transparencia, pero tambi\u00e9n evidenci\u00f3 la cr\u00edtica situaci\u00f3n financiera que amenaza la continuidad de estos avances.<\/p>\n\n\n\n<p>El rector inform\u00f3 que la UAS requiere de m\u00e1s de mil 248 millones de pesos para cerrar el a\u00f1o sin recurrir a un nuevo endeudamiento, y explic\u00f3 que aunque han hecho las solicitudes a la federaci\u00f3n, la respuesta que recibieron es que deben implementar una reingenier\u00eda institucional que incluya una reforma al sistema de pensiones.<\/p>\n\n\n\n<p>El rector dio a conocer que con el subsidio actual de 7 mil 807 millones de pesos, despu\u00e9s de pagar la n\u00f3mina, quedan menos de 200 millones para operar 210 planteles distribuidos en los 20 municipios del estado, los cuales atienden a 170 mil 495 estudiantes.<\/p>\n\n\n\n<p>Un punto cr\u00edtico que destac\u00f3 fue la inequidad en el subsidio por alumno, ya que la UAS recibe 60 mil pesos por estudiante, muy por debajo de la media nacional, adem\u00e1s, se\u00f1al\u00f3 que la federaci\u00f3n solo reconoce 40 mil de las m\u00e1s de 132 mil horas de asignatura que opera la instituci\u00f3n.<\/p>\n\n\n\n<p>En este mismo encuentro, el rector present\u00f3 la propuesta de reingenier\u00eda integral elaborada por un equipo de la misma Universidad, el cual contempla revisi\u00f3n de plantilla laboral con cero contrataciones nuevas, compactaci\u00f3n de grupos, fusi\u00f3n de unidades acad\u00e9micas, descuentos salariales a funcionarios y una reforma al sistema de pensiones con aportaciones de los trabajadores para crear un fondo sustentable.<\/p>\n\n\n\n<p>A pesar de las dificultades financieras, Madue\u00f1a Molina destac\u00f3 los logros institucionales, como los cuatro a\u00f1os consecutivos de cobertura universal, 615 miembros del Sistema Nacional de Investigadores, segundo lugar nacional en medallas deportivas, programas educativos certificados y auditor\u00edas federales solventadas al 100 por ciento.<\/p>\n\n\n\n<p>Una vez conocido el panorama de la Universidad, el presidente de la Comisi\u00f3n, el diputado Manuel de Jes\u00fas Guerrero Verdugo, se dijo enterado de este problema y asegur\u00f3 que hay voluntad pol\u00edtica para respaldar a la UAS desde el Congreso del Estado.<\/p>\n\n\n\n<p>\u00abNecesitamos tener esa capacidad de poder unir voluntades, porque si no vamos a estar resolviendo por partes o moment\u00e1neamente y ma\u00f1ana vamos a volverlo a tener. Necesitamos escuchar todas las voces, la participaci\u00f3n de todo mundo\u00bb, se\u00f1al\u00f3.<\/p>\n\n\n\n<p>Adem\u00e1s, enfatiz\u00f3 que tambi\u00e9n existe voluntad del gobernador Rub\u00e9n Rocha Moya de apoyar a la UAS y que el Congreso secunda esa disposici\u00f3n, pero dej\u00f3 claro que el respaldo legislativo est\u00e1 condicionado a que se implementen las medidas de la reingenier\u00eda de manera transparente y verificable.<\/p>\n\n\n\n<p>Por su parte, el diputado Ambrocio Ch\u00e1vez Ch\u00e1vez, presidente de la Comisi\u00f3n de Hacienda P\u00fablica y Administraci\u00f3n, quien estuvo de invitado en la reuni\u00f3n, se\u00f1al\u00f3 que el Congreso est\u00e1 listo para colaborar sin ninguna reticencia y ni inter\u00e9s pol\u00edtico, ya que, dijo, es momento de cerrar filas con condiciones claras, sobre todo el tema de las y los jubilados.<\/p>\n\n\n\n<p>El diputado V\u00edctor Antonio Corrales Burgue\u00f1o, vocal de la Comisi\u00f3n de Educaci\u00f3n, quien fue rector de la UAS de 2013 a 2017, ofreci\u00f3 una perspectiva t\u00e9cnica sobre la inequidad en el financiamiento. Present\u00f3 c\u00e1lculos propios se\u00f1alando que si se nivelara el subsidio por alumno a la media nacional, la Universidad obtendr\u00eda alrededor de mil 200 millones de pesos adicionales, cifra similar al d\u00e9ficit actual.<\/p>\n\n\n\n<p>Asimismo, el diputado Eligio L\u00f3pez Portillo, quien tambi\u00e9n fue Secretario Acad\u00e9mico Administrativo en la zona centro norte de la UAS, destac\u00f3 el cambio de la relaci\u00f3n entre el Gobierno y la Universidad, y reconoci\u00f3 que ahora se ha abierto el canal de comunicaci\u00f3n y pueden transitar con m\u00e1s voluntad.<\/p>\n\n\n\n<p>En la reuni\u00f3n tambi\u00e9n estuvo presente y manifest\u00f3 su apoyo a la Universidad, la diputada Luz Ver\u00f3nica Avil\u00e9s Roch\u00edn, quien hizo algunas aportaciones y sugerencias en lo que refiere al deporte juvenil.<\/p>\n\n\n\n<p>La Comisi\u00f3n de Educaci\u00f3n, Ciencia y Tecnolog\u00eda anunci\u00f3 que continuar\u00e1 con este formato de reuniones con rectores de otras instituciones de educaci\u00f3n superior del estado, habiendo confirmado ya la pr\u00f3xima visita de la Rectora de la Universidad Polit\u00e9cnica de Sinaloa.<\/p>\n","protected":false},"excerpt":{"rendered":"<p>Diputados y diputada comprometen acciones de respaldo Culiac\u00e1n, Sinaloa. 1 de octubre de 2025.- En una reuni\u00f3n desarrollada este mi\u00e9rcoles, marcada por el di\u00e1logo constructivo, la Comisi\u00f3n de Educaci\u00f3n, Ciencia y Tecnolog\u00eda del Congreso del Estado y autoridades de la Universidad Aut\u00f3noma de Sinaloa acordaron trabajar de manera conjunta para superar la crisis financiera de [&hellip;]<\/p>\n","protected":false},"author":2,"featured_media":59892,"comment_status":"closed","ping_status":"open","sticky":false,"template":"","format":"standard","meta":{"_mi_skip_tracking":false,"footnotes":""},"categories":[13],"tags":[],"class_list":["post-59891","post","type-post","status-publish","format-standard","has-post-thumbnail","hentry","category-sinaloa"],"_links":{"self":[{"href":"https:\/\/www.puntociegoeditorial.com\/web\/wp-json\/wp\/v2\/posts\/59891","targetHints":{"allow":["GET"]}}],"collection":[{"href":"https:\/\/www.puntociegoeditorial.com\/web\/wp-json\/wp\/v2\/posts"}],"about":[{"href":"https:\/\/www.puntociegoeditorial.com\/web\/wp-json\/wp\/v2\/types\/post"}],"author":[{"embeddable":true,"href":"https:\/\/www.puntociegoeditorial.com\/web\/wp-json\/wp\/v2\/users\/2"}],"replies":[{"embeddable":true,"href":"https:\/\/www.puntociegoeditorial.com\/web\/wp-json\/wp\/v2\/comments?post=59891"}],"version-history":[{"count":1,"href":"https:\/\/www.puntociegoeditorial.com\/web\/wp-json\/wp\/v2\/posts\/59891\/revisions"}],"predecessor-version":[{"id":59893,"href":"https:\/\/www.puntociegoeditorial.com\/web\/wp-json\/wp\/v2\/posts\/59891\/revisions\/59893"}],"wp:featuredmedia":[{"embeddable":true,"href":"https:\/\/www.puntociegoeditorial.com\/web\/wp-json\/wp\/v2\/media\/59892"}],"wp:attachment":[{"href":"https:\/\/www.puntociegoeditorial.com\/web\/wp-json\/wp\/v2\/media?parent=59891"}],"wp:term":[{"taxonomy":"category","embeddable":true,"href":"https:\/\/www.puntociegoeditorial.com\/web\/wp-json\/wp\/v2\/categories?post=59891"},{"taxonomy":"post_tag","embeddable":true,"href":"https:\/\/www.puntociegoeditorial.com\/web\/wp-json\/wp\/v2\/tags?post=59891"}],"curies":[{"name":"wp","href":"https:\/\/api.w.org\/{rel}","templated":true}]}}