{"id":59907,"date":"2025-10-01T15:43:37","date_gmt":"2025-10-01T22:43:37","guid":{"rendered":"https:\/\/www.puntociegoeditorial.com\/web\/?p=59907"},"modified":"2025-10-03T21:21:50","modified_gmt":"2025-10-04T04:21:50","slug":"brinda-adecem-voto-de-confianza-a-reingenieria-administrativa-de-la-uas","status":"publish","type":"post","link":"https:\/\/www.puntociegoeditorial.com\/web\/2025\/10\/01\/brinda-adecem-voto-de-confianza-a-reingenieria-administrativa-de-la-uas\/","title":{"rendered":"Brinda ADECEM voto de confianza a reingenier\u00eda administrativa de la UAS"},"content":{"rendered":"\n<p>La Alianza para el Desarrollo y Competitividad de las Empresas (ADECEM) otorg\u00f3 un voto de confianza y su respaldo a la administraci\u00f3n de la UAS que encabeza el rector Jes\u00fas Madue\u00f1a Molina, para que lleve a cabo la reingenier\u00eda administrativa que se requiere para tener una instituci\u00f3n con viabilidad financiera y sustentabilidad, expres\u00f3 Julio C\u00e9sar Silvas Inzunza.<br>El presidente de ADECEM, record\u00f3 que semanas atr\u00e1s se firm\u00f3 un convenio de colaboraci\u00f3n con la UAS, en acto protocolario al que asisti\u00f3 personalmente el rector Jes\u00fas Madue\u00f1a, con el cual se busca precisamente el apoyo de la universidad para impulsar el crecimiento y desarrollo de las peque\u00f1as y medianas empresas (pymes).<br>Agreg\u00f3 que desde entonces el mismo rector les adelant\u00f3 a quienes integran ADECEM lo que tra\u00eda en manos, que es la reingenier\u00eda.<br>\u201cMe parece un tema muy adecuado a la realidad actual. Estuve conociendo por parte del Gobierno Federal la petici\u00f3n que se le hace a la propia universidad para poder en el tiempo garantizar la sustentabilidad de la universidad.<br>\u201cS\u00e9 que es un tema dif\u00edcil puesto que tiene que ver con prestaciones laborales y muchas cosas, pero tambi\u00e9n es un momento oportuno tambi\u00e9n para que trabajadores activos y jubilados puedan visualizar junto con la universidad el futuro de la instituci\u00f3n\u201d.<br>Julio C\u00e9sar Silvas aclar\u00f3 que estos comentarios los hace en pleno respeto a la autonom\u00eda que tiene la Universidad, y con el deseo de que la UAS siga funcionando por muchos a\u00f1os m\u00e1s, sin problemas financieros.<br>Explic\u00f3 que se han visto dificultades operativas de la universidad a\u00f1o con a\u00f1o, e incluso hasta los mismos medios de comunicaci\u00f3n dan cuenta del problema de la escasez de recursos.<br>\u201cCreo que se est\u00e1n haciendo las cosas que competen, y creo que s\u00ed es oportuno darle un respaldo social a la universidad, a las acciones que est\u00e1n emprendiendo.<br>Este, desde luego en respeto a su autonom\u00eda porque necesitamos una universidad fuerte. Necesitamos en el sector productivo una universidad que contribuya con su quehacer, con el talento de los maestros, con los muchachos, al fortalecimiento del sector productivo\u201d, dijo.<br>Por el convenio firmado recientemente, expuso que se tiene la esperanza de construir con el rector una agenda de trabajo muy fuerte, y para ello se necesita que la universidad est\u00e9 en condiciones, no solo presente, sino de futuro para poder ir avanzando.<\/p>\n","protected":false},"excerpt":{"rendered":"<p>La Alianza para el Desarrollo y Competitividad de las Empresas (ADECEM) otorg\u00f3 un voto de confianza y su respaldo a la administraci\u00f3n de la UAS que encabeza el rector Jes\u00fas Madue\u00f1a Molina, para que lleve a cabo la reingenier\u00eda administrativa que se requiere para tener una instituci\u00f3n con viabilidad financiera y sustentabilidad, expres\u00f3 Julio C\u00e9sar [&hellip;]<\/p>\n","protected":false},"author":2,"featured_media":59908,"comment_status":"closed","ping_status":"open","sticky":false,"template":"","format":"standard","meta":{"_mi_skip_tracking":false,"footnotes":""},"categories":[13],"tags":[],"class_list":["post-59907","post","type-post","status-publish","format-standard","has-post-thumbnail","hentry","category-sinaloa"],"_links":{"self":[{"href":"https:\/\/www.puntociegoeditorial.com\/web\/wp-json\/wp\/v2\/posts\/59907","targetHints":{"allow":["GET"]}}],"collection":[{"href":"https:\/\/www.puntociegoeditorial.com\/web\/wp-json\/wp\/v2\/posts"}],"about":[{"href":"https:\/\/www.puntociegoeditorial.com\/web\/wp-json\/wp\/v2\/types\/post"}],"author":[{"embeddable":true,"href":"https:\/\/www.puntociegoeditorial.com\/web\/wp-json\/wp\/v2\/users\/2"}],"replies":[{"embeddable":true,"href":"https:\/\/www.puntociegoeditorial.com\/web\/wp-json\/wp\/v2\/comments?post=59907"}],"version-history":[{"count":1,"href":"https:\/\/www.puntociegoeditorial.com\/web\/wp-json\/wp\/v2\/posts\/59907\/revisions"}],"predecessor-version":[{"id":59909,"href":"https:\/\/www.puntociegoeditorial.com\/web\/wp-json\/wp\/v2\/posts\/59907\/revisions\/59909"}],"wp:featuredmedia":[{"embeddable":true,"href":"https:\/\/www.puntociegoeditorial.com\/web\/wp-json\/wp\/v2\/media\/59908"}],"wp:attachment":[{"href":"https:\/\/www.puntociegoeditorial.com\/web\/wp-json\/wp\/v2\/media?parent=59907"}],"wp:term":[{"taxonomy":"category","embeddable":true,"href":"https:\/\/www.puntociegoeditorial.com\/web\/wp-json\/wp\/v2\/categories?post=59907"},{"taxonomy":"post_tag","embeddable":true,"href":"https:\/\/www.puntociegoeditorial.com\/web\/wp-json\/wp\/v2\/tags?post=59907"}],"curies":[{"name":"wp","href":"https:\/\/api.w.org\/{rel}","templated":true}]}}