{"id":59921,"date":"2025-10-01T17:47:00","date_gmt":"2025-10-02T00:47:00","guid":{"rendered":"https:\/\/www.puntociegoeditorial.com\/web\/?p=59921"},"modified":"2025-10-03T21:22:17","modified_gmt":"2025-10-04T04:22:17","slug":"isde-dictamina-becas-al-merito-deportivo-para-atletas-sinaloenses","status":"publish","type":"post","link":"https:\/\/www.puntociegoeditorial.com\/web\/2025\/10\/01\/isde-dictamina-becas-al-merito-deportivo-para-atletas-sinaloenses\/","title":{"rendered":"ISDE dictamina becas al m\u00e9rito deportivo para atletas sinaloenses"},"content":{"rendered":"\n<p>Culiac\u00e1n, Sinaloa.\u2013 El Instituto Sinaloense de Cultura F\u00edsica y el Deporte (ISDE) llev\u00f3 a cabo la reuni\u00f3n de la Comisi\u00f3n de Becas al M\u00e9rito Deportivo, con el prop\u00f3sito de calificar, validar y dictaminar a las y los atletas que resultar\u00e1n beneficiados con este importante apoyo econ\u00f3mico.<\/p>\n\n\n\n<p>En esta sesi\u00f3n se revisaron alrededor de 350 atletas que durante el presente a\u00f1o entregaron su documentaci\u00f3n, entre los cuales se encuentran deportistas de primera fuerza, seleccionados nacionales y medallistas de Olimpiada Nacional, tanto en la modalidad convencional como adaptada.<\/p>\n\n\n\n<p>El comit\u00e9 evaluador se encarg\u00f3 de verificar que cada expediente cumpliera con los requisitos establecidos, a fin de garantizar la transparencia y objetividad del proceso. Posteriormente, se determinar\u00e1 el otorgamiento de las becas, que representan un incentivo al esfuerzo, la dedicaci\u00f3n y los logros alcanzados por las y los atletas sinaloenses.<\/p>\n\n\n\n<p>Gracias al respaldo del <em>Gobernador del Estado, Dr. Rub\u00e9n Rocha Moya<\/em>, el Gobierno de Sinaloa contin\u00faa fortaleciendo las pol\u00edticas p\u00fablicas en favor del deporte, brindando oportunidades que motiven a las y los deportistas a seguir conquistando medallas y poniendo en alto el nombre de Sinaloa en competencias nacionales e internacionales.<\/p>\n\n\n\n<p>Con este tipo de apoyos, el ISDE reitera su compromiso de impulsar el talento sinaloense y de acompa\u00f1ar el crecimiento de quienes d\u00eda a d\u00eda entrenan con disciplina para alcanzar la excelencia deportiva.<\/p>\n","protected":false},"excerpt":{"rendered":"<p>Culiac\u00e1n, Sinaloa.\u2013 El Instituto Sinaloense de Cultura F\u00edsica y el Deporte (ISDE) llev\u00f3 a cabo la reuni\u00f3n de la Comisi\u00f3n de Becas al M\u00e9rito Deportivo, con el prop\u00f3sito de calificar, validar y dictaminar a las y los atletas que resultar\u00e1n beneficiados con este importante apoyo econ\u00f3mico. En esta sesi\u00f3n se revisaron alrededor de 350 atletas [&hellip;]<\/p>\n","protected":false},"author":2,"featured_media":59922,"comment_status":"closed","ping_status":"open","sticky":false,"template":"","format":"standard","meta":{"_mi_skip_tracking":false,"footnotes":""},"categories":[16],"tags":[],"class_list":["post-59921","post","type-post","status-publish","format-standard","has-post-thumbnail","hentry","category-accion"],"_links":{"self":[{"href":"https:\/\/www.puntociegoeditorial.com\/web\/wp-json\/wp\/v2\/posts\/59921","targetHints":{"allow":["GET"]}}],"collection":[{"href":"https:\/\/www.puntociegoeditorial.com\/web\/wp-json\/wp\/v2\/posts"}],"about":[{"href":"https:\/\/www.puntociegoeditorial.com\/web\/wp-json\/wp\/v2\/types\/post"}],"author":[{"embeddable":true,"href":"https:\/\/www.puntociegoeditorial.com\/web\/wp-json\/wp\/v2\/users\/2"}],"replies":[{"embeddable":true,"href":"https:\/\/www.puntociegoeditorial.com\/web\/wp-json\/wp\/v2\/comments?post=59921"}],"version-history":[{"count":1,"href":"https:\/\/www.puntociegoeditorial.com\/web\/wp-json\/wp\/v2\/posts\/59921\/revisions"}],"predecessor-version":[{"id":59923,"href":"https:\/\/www.puntociegoeditorial.com\/web\/wp-json\/wp\/v2\/posts\/59921\/revisions\/59923"}],"wp:featuredmedia":[{"embeddable":true,"href":"https:\/\/www.puntociegoeditorial.com\/web\/wp-json\/wp\/v2\/media\/59922"}],"wp:attachment":[{"href":"https:\/\/www.puntociegoeditorial.com\/web\/wp-json\/wp\/v2\/media?parent=59921"}],"wp:term":[{"taxonomy":"category","embeddable":true,"href":"https:\/\/www.puntociegoeditorial.com\/web\/wp-json\/wp\/v2\/categories?post=59921"},{"taxonomy":"post_tag","embeddable":true,"href":"https:\/\/www.puntociegoeditorial.com\/web\/wp-json\/wp\/v2\/tags?post=59921"}],"curies":[{"name":"wp","href":"https:\/\/api.w.org\/{rel}","templated":true}]}}