{"id":59925,"date":"2025-10-02T12:35:25","date_gmt":"2025-10-02T19:35:25","guid":{"rendered":"https:\/\/www.puntociegoeditorial.com\/web\/?p=59925"},"modified":"2025-10-03T21:23:16","modified_gmt":"2025-10-04T04:23:16","slug":"parque-y-calles-de-la-colonia-progreso-seran-mejorados-compromete-juan-de-dios-gamez-mendivil","status":"publish","type":"post","link":"https:\/\/www.puntociegoeditorial.com\/web\/2025\/10\/02\/parque-y-calles-de-la-colonia-progreso-seran-mejorados-compromete-juan-de-dios-gamez-mendivil\/","title":{"rendered":"Parque y calles de la colonia Progreso ser\u00e1n mejorados, compromete Juan de Dios G\u00e1mez Mend\u00edvil"},"content":{"rendered":"\n<p>Culiac\u00e1n, Sin., a 1 de octubre de 2025.- Las familias de la colonia Progreso recibieron buenas noticias durante la m\u00e1s reciente edici\u00f3n de Di\u00e1logos por el Bienestar, donde el alcalde Juan de Dios G\u00e1mez Mend\u00edvil escuch\u00f3 sus peticiones y tras ello, se concretaron compromisos inmediatos para mejorar el parque del sector y rehabilitar las vialidades de su alrededor.<\/p>\n\n\n\n<p>Durante el encuentro, los vecinos solicitaron la instalaci\u00f3n de sanitarios, mejor alumbrado y rehabilitaci\u00f3n general del Parque Progreso Los Ayales, as\u00ed como la reparaci\u00f3n de calles como Colinas de la Quebrada, Colinas de las Aves y Calle 9, las cuales se encuentran deterioradas.<\/p>\n\n\n\n<p>Alexa y Dylan, ni\u00f1os integrantes del equipo de f\u00fatbol Cachorros, expresaron al presidente municipal la importancia de contar con un parque en \u00f3ptimas condiciones, pues ah\u00ed entrenan hasta 100 ni\u00f1as, ni\u00f1os, j\u00f3venes y padres de familia que conforman equipos de esta disciplina.<\/p>\n\n\n\n<p>La se\u00f1ora Elsa Medina, integrante del comit\u00e9 del parque, agradeci\u00f3 al alcalde por atender sus demandas: \u201cFinalmente una administraci\u00f3n municipal nos est\u00e1 dando visibilidad y nos comprometemos a trabajar en equipo con el Ayuntamiento para la mejora del parque\u201d, expres\u00f3.<\/p>\n\n\n\n<p>Luego de escuchar a los asistentes, G\u00e1mez Mend\u00edvil anunci\u00f3 que a partir de ma\u00f1ana comenzar\u00e1n los trabajos de mejora en el parque y la rehabilitaci\u00f3n de las calles aleda\u00f1as. Subray\u00f3 que en esta colonia ya se tiene un avance de once calles pavimentadas, priorizando aquellas cercanas a escuelas, y que la meta es continuar ampliando la cobertura.<\/p>\n\n\n\n<p>\u00abA partir de ma\u00f1ana ya va a haber gente aqu\u00ed trabajando, el tema de los ba\u00f1os, el alumbrado, hemos entregado m\u00e1s de 20 canchas y hemos visto c\u00f3mo se transforman los espacios y con una cancha de f\u00fatbol bien arreglada pues va a haber m\u00e1s j\u00f3venes, m\u00e1s familias involucradas en este entorno, de eso se trata y pues vamos a continuar con la pavimentaci\u00f3n de m\u00e1s calles\u00bb, asegur\u00f3.<\/p>\n\n\n\n<p>Tras recorrer junto a los colonos las vialidades se\u00f1aladas por ellos mismos como las que m\u00e1s requieren atenci\u00f3n, el alcalde refrend\u00f3 su compromiso de atenderlas tambi\u00e9n, as\u00ed como el otro parque del sector, esto una vez concluidas las obras en el Parque Progreso Los Ayales y sus calles aleda\u00f1as y regresar una<br>vez concluidas las obras para verificar personalmente los avances y escuchar nuevas peticiones de los vecinos.<\/p>\n","protected":false},"excerpt":{"rendered":"<p>Culiac\u00e1n, Sin., a 1 de octubre de 2025.- Las familias de la colonia Progreso recibieron buenas noticias durante la m\u00e1s reciente edici\u00f3n de Di\u00e1logos por el Bienestar, donde el alcalde Juan de Dios G\u00e1mez Mend\u00edvil escuch\u00f3 sus peticiones y tras ello, se concretaron compromisos inmediatos para mejorar el parque del sector y rehabilitar las vialidades [&hellip;]<\/p>\n","protected":false},"author":2,"featured_media":59926,"comment_status":"closed","ping_status":"open","sticky":false,"template":"","format":"standard","meta":{"_mi_skip_tracking":false,"footnotes":""},"categories":[12],"tags":[],"class_list":["post-59925","post","type-post","status-publish","format-standard","has-post-thumbnail","hentry","category-ciudad"],"_links":{"self":[{"href":"https:\/\/www.puntociegoeditorial.com\/web\/wp-json\/wp\/v2\/posts\/59925","targetHints":{"allow":["GET"]}}],"collection":[{"href":"https:\/\/www.puntociegoeditorial.com\/web\/wp-json\/wp\/v2\/posts"}],"about":[{"href":"https:\/\/www.puntociegoeditorial.com\/web\/wp-json\/wp\/v2\/types\/post"}],"author":[{"embeddable":true,"href":"https:\/\/www.puntociegoeditorial.com\/web\/wp-json\/wp\/v2\/users\/2"}],"replies":[{"embeddable":true,"href":"https:\/\/www.puntociegoeditorial.com\/web\/wp-json\/wp\/v2\/comments?post=59925"}],"version-history":[{"count":1,"href":"https:\/\/www.puntociegoeditorial.com\/web\/wp-json\/wp\/v2\/posts\/59925\/revisions"}],"predecessor-version":[{"id":59927,"href":"https:\/\/www.puntociegoeditorial.com\/web\/wp-json\/wp\/v2\/posts\/59925\/revisions\/59927"}],"wp:featuredmedia":[{"embeddable":true,"href":"https:\/\/www.puntociegoeditorial.com\/web\/wp-json\/wp\/v2\/media\/59926"}],"wp:attachment":[{"href":"https:\/\/www.puntociegoeditorial.com\/web\/wp-json\/wp\/v2\/media?parent=59925"}],"wp:term":[{"taxonomy":"category","embeddable":true,"href":"https:\/\/www.puntociegoeditorial.com\/web\/wp-json\/wp\/v2\/categories?post=59925"},{"taxonomy":"post_tag","embeddable":true,"href":"https:\/\/www.puntociegoeditorial.com\/web\/wp-json\/wp\/v2\/tags?post=59925"}],"curies":[{"name":"wp","href":"https:\/\/api.w.org\/{rel}","templated":true}]}}