{"id":602,"date":"2021-09-03T10:11:46","date_gmt":"2021-09-03T16:11:46","guid":{"rendered":"https:\/\/puntociegoeditorial.com\/web\/?p=602"},"modified":"2021-09-03T10:11:46","modified_gmt":"2021-09-03T16:11:46","slug":"confirma-amlo-visita-a-sinaloa-para-inaugurar-hospitales","status":"publish","type":"post","link":"https:\/\/www.puntociegoeditorial.com\/web\/2021\/09\/03\/confirma-amlo-visita-a-sinaloa-para-inaugurar-hospitales\/","title":{"rendered":"Confirma AMLO visita a Sinaloa para inaugurar hospitales"},"content":{"rendered":"\n<p>Culiac\u00e1n, Sin.- El Presidente de M\u00e9xico, Andr\u00e9s Manuel L\u00f3pez Obrador confirm\u00f3 que vendr\u00e1 a Sinaloa a inaugurar los nuevos hospitales y destac\u00f3 la buena labor que ha hecho el gobernador Quirino Ordaz Coppel.<\/p>\n\n\n\n<p>Se trata del nuevo Hospital General de Culiac\u00e1n, construido en la salida a Imala; el nuevo Hospital Pediatrico y el Centro de Salud Urbano de la capital.<\/p>\n\n\n\n<p>En su conferencia matutina, el Presidente de la Rep\u00fablica afirm\u00f3: \u201cQuiero hacer una gira para inaugurar unos hospitales en Sonora, Sinaloa y en Nayarit; va a ser posiblemente en 15 d\u00edas que vamos a estar por all\u00e1 sino es que es la pr\u00f3xima semana, creo que es la pr\u00f3xima semana, va a depender de que se avance porque est\u00e1n terminando de equiparlos\u201d.<\/p>\n","protected":false},"excerpt":{"rendered":"<p>Culiac\u00e1n, Sin.- El Presidente de M\u00e9xico, Andr\u00e9s Manuel L\u00f3pez Obrador confirm\u00f3 que vendr\u00e1 a Sinaloa a inaugurar los nuevos hospitales y destac\u00f3 la buena labor que ha hecho el gobernador Quirino Ordaz Coppel. Se trata del nuevo Hospital General de Culiac\u00e1n, construido en la salida a Imala; el nuevo Hospital Pediatrico y el Centro de [&hellip;]<\/p>\n","protected":false},"author":2,"featured_media":604,"comment_status":"open","ping_status":"open","sticky":false,"template":"","format":"standard","meta":{"_mi_skip_tracking":false,"footnotes":""},"categories":[14],"tags":[184,50,21],"class_list":["post-602","post","type-post","status-publish","format-standard","has-post-thumbnail","hentry","category-mexico","tag-amlo","tag-quirino-ordaz-coppel","tag-sinaloa"],"_links":{"self":[{"href":"https:\/\/www.puntociegoeditorial.com\/web\/wp-json\/wp\/v2\/posts\/602","targetHints":{"allow":["GET"]}}],"collection":[{"href":"https:\/\/www.puntociegoeditorial.com\/web\/wp-json\/wp\/v2\/posts"}],"about":[{"href":"https:\/\/www.puntociegoeditorial.com\/web\/wp-json\/wp\/v2\/types\/post"}],"author":[{"embeddable":true,"href":"https:\/\/www.puntociegoeditorial.com\/web\/wp-json\/wp\/v2\/users\/2"}],"replies":[{"embeddable":true,"href":"https:\/\/www.puntociegoeditorial.com\/web\/wp-json\/wp\/v2\/comments?post=602"}],"version-history":[{"count":1,"href":"https:\/\/www.puntociegoeditorial.com\/web\/wp-json\/wp\/v2\/posts\/602\/revisions"}],"predecessor-version":[{"id":605,"href":"https:\/\/www.puntociegoeditorial.com\/web\/wp-json\/wp\/v2\/posts\/602\/revisions\/605"}],"wp:featuredmedia":[{"embeddable":true,"href":"https:\/\/www.puntociegoeditorial.com\/web\/wp-json\/wp\/v2\/media\/604"}],"wp:attachment":[{"href":"https:\/\/www.puntociegoeditorial.com\/web\/wp-json\/wp\/v2\/media?parent=602"}],"wp:term":[{"taxonomy":"category","embeddable":true,"href":"https:\/\/www.puntociegoeditorial.com\/web\/wp-json\/wp\/v2\/categories?post=602"},{"taxonomy":"post_tag","embeddable":true,"href":"https:\/\/www.puntociegoeditorial.com\/web\/wp-json\/wp\/v2\/tags?post=602"}],"curies":[{"name":"wp","href":"https:\/\/api.w.org\/{rel}","templated":true}]}}