{"id":606,"date":"2021-09-03T13:06:21","date_gmt":"2021-09-03T19:06:21","guid":{"rendered":"https:\/\/puntociegoeditorial.com\/web\/?p=606"},"modified":"2021-09-03T13:06:21","modified_gmt":"2021-09-03T19:06:21","slug":"quirino-inauguran-primaria-del-stase","status":"publish","type":"post","link":"https:\/\/www.puntociegoeditorial.com\/web\/2021\/09\/03\/quirino-inauguran-primaria-del-stase\/","title":{"rendered":"Quirino inauguran primaria del STASE"},"content":{"rendered":"\n<p>Culiac\u00e1n, Sin.- El Gobernador de Sinaloa, Quirino Ordaz Coppel, inaugur\u00f3 junto a la secretaria general del Sindicato del STASE, Teresa de Jes\u00fas Ochoa P\u00e9rez, la nueva escuela primaria para hijos e hijas de trabajadores al Servicio del Estado.<\/p>\n\n\n\n<p>Durante el evento, el mandatario estatal resalt\u00f3 la importancia de siempre invertir en la educaci\u00f3n, como en esta ocasi\u00f3n es el caso de esta nueva escuela primaria.<\/p>\n\n\n\n<p>\u201cAhora con esta apertura de esta escuela primaria es un gran paso, porque se requiere mucha energ\u00eda, mucha voluntad y decisi\u00f3n, porque lo m\u00e1s importante es pensar en la educaci\u00f3n, es ayudar a nuestras ni\u00f1as y ni\u00f1os. Y hoy el STASE abre esta nueva alternativa para tener las l\u00edneas de aprendizaje de acorde con la Secretar\u00eda de Educaci\u00f3n P\u00fablica\u201d, resalt\u00f3 Quirino Ordaz.<\/p>\n\n\n\n<p>A\u00f1adi\u00f3 que el plantel tiene personal capacitado como maestros de ingl\u00e9s, artes, educaci\u00f3n f\u00edsica, todas las actividades necesarias para un pleno desarrollo.<\/p>\n","protected":false},"excerpt":{"rendered":"<p>Culiac\u00e1n, Sin.- El Gobernador de Sinaloa, Quirino Ordaz Coppel, inaugur\u00f3 junto a la secretaria general del Sindicato del STASE, Teresa de Jes\u00fas Ochoa P\u00e9rez, la nueva escuela primaria para hijos e hijas de trabajadores al Servicio del Estado. Durante el evento, el mandatario estatal resalt\u00f3 la importancia de siempre invertir en la educaci\u00f3n, como en [&hellip;]<\/p>\n","protected":false},"author":2,"featured_media":607,"comment_status":"open","ping_status":"open","sticky":false,"template":"","format":"standard","meta":{"_mi_skip_tracking":false,"footnotes":""},"categories":[12],"tags":[26,50,188,187],"class_list":["post-606","post","type-post","status-publish","format-standard","has-post-thumbnail","hentry","category-ciudad","tag-culiacan","tag-quirino-ordaz-coppel","tag-sep","tag-stase"],"_links":{"self":[{"href":"https:\/\/www.puntociegoeditorial.com\/web\/wp-json\/wp\/v2\/posts\/606","targetHints":{"allow":["GET"]}}],"collection":[{"href":"https:\/\/www.puntociegoeditorial.com\/web\/wp-json\/wp\/v2\/posts"}],"about":[{"href":"https:\/\/www.puntociegoeditorial.com\/web\/wp-json\/wp\/v2\/types\/post"}],"author":[{"embeddable":true,"href":"https:\/\/www.puntociegoeditorial.com\/web\/wp-json\/wp\/v2\/users\/2"}],"replies":[{"embeddable":true,"href":"https:\/\/www.puntociegoeditorial.com\/web\/wp-json\/wp\/v2\/comments?post=606"}],"version-history":[{"count":1,"href":"https:\/\/www.puntociegoeditorial.com\/web\/wp-json\/wp\/v2\/posts\/606\/revisions"}],"predecessor-version":[{"id":608,"href":"https:\/\/www.puntociegoeditorial.com\/web\/wp-json\/wp\/v2\/posts\/606\/revisions\/608"}],"wp:featuredmedia":[{"embeddable":true,"href":"https:\/\/www.puntociegoeditorial.com\/web\/wp-json\/wp\/v2\/media\/607"}],"wp:attachment":[{"href":"https:\/\/www.puntociegoeditorial.com\/web\/wp-json\/wp\/v2\/media?parent=606"}],"wp:term":[{"taxonomy":"category","embeddable":true,"href":"https:\/\/www.puntociegoeditorial.com\/web\/wp-json\/wp\/v2\/categories?post=606"},{"taxonomy":"post_tag","embeddable":true,"href":"https:\/\/www.puntociegoeditorial.com\/web\/wp-json\/wp\/v2\/tags?post=606"}],"curies":[{"name":"wp","href":"https:\/\/api.w.org\/{rel}","templated":true}]}}