{"id":60752,"date":"2025-10-29T14:27:47","date_gmt":"2025-10-29T21:27:47","guid":{"rendered":"https:\/\/www.puntociegoeditorial.com\/web\/?p=60752"},"modified":"2025-10-30T12:39:06","modified_gmt":"2025-10-30T19:39:06","slug":"con-mas-policias-y-modulos-red-purpura-estaremos-mas-cerca-de-la-poblacion-para-cuidarla-mejor-juan-de-dios-gamez","status":"publish","type":"post","link":"https:\/\/www.puntociegoeditorial.com\/web\/2025\/10\/29\/con-mas-policias-y-modulos-red-purpura-estaremos-mas-cerca-de-la-poblacion-para-cuidarla-mejor-juan-de-dios-gamez\/","title":{"rendered":"\u00abCon m\u00e1s polic\u00edas y m\u00f3dulos Red P\u00farpura, estaremos m\u00e1s cerca de la poblaci\u00f3n para cuidarla mejor\u00bb: Juan de Dios G\u00e1mez"},"content":{"rendered":"\n<p>Culiac\u00e1n, Sin., a 29 de octubre de 2025.- Tras concluir su proceso de formaci\u00f3n en la Universidad de la Polic\u00eda, el alcalde Juan de Dios G\u00e1mez Mend\u00edvil dio la bienvenida a 33 nuevos polic\u00edas municipales, con el objetivo de acercarse m\u00e1s a la poblaci\u00f3n y fortalecer las acciones de seguridad preventiva en la ciudad.<\/p>\n\n\n\n<p>Durante el mismo acto, G\u00e1mez Mend\u00edvil inaugur\u00f3 oficialmente el M\u00f3dulo Red P\u00farpura de Atenci\u00f3n a Mujeres y Familias, ubicado en el corredor deportivo La Milla y Jard\u00edn Bot\u00e1nico, que se suma a la red ya operativa en el Parque Las Riberas.<\/p>\n\n\n\n<p>El espacio, indic\u00f3, permitir\u00e1 mantener una mayor presencia policial las 24 horas del d\u00eda. El m\u00f3dulo ofrecer\u00e1 adem\u00e1s servicios de ba\u00f1os y agua a la ciudadan\u00eda, as\u00ed como atenci\u00f3n a cualquier tipo de consulta, y contar\u00e1 con rondines de dos patrullas donadas por Fundaci\u00f3n Coppel.<\/p>\n\n\n\n<p>En su mensaje al nuevo cuerpo de polic\u00edas, integrado por mujeres y hombres, el presidente municipal reconoci\u00f3 su vocaci\u00f3n de servicio y la alta responsabilidad que implica cuidar a la sociedad culiacanense.<\/p>\n\n\n\n<p>\u00abReconozco el valor que tienen al formar parte de nuestra polic\u00eda municipal; nuestra tarea es cuidar a la gente, y es una responsabilidad muy grande\u00bb, expres\u00f3 el primer edil.<\/p>\n\n\n\n<p>En este sentido, Juan de Dios G\u00e1mez subray\u00f3 que, desde su llegada a la administraci\u00f3n municipal, se ha mantenido abierta la convocatoria para la formaci\u00f3n de nuevos polic\u00edas. Por ello, est\u00e1 por integrarse otro grupo de elementos y se encuentra en proceso de confirmaci\u00f3n otro m\u00e1s para iniciar su formaci\u00f3n en la Unipol.<\/p>\n\n\n\n<p>Parte de esta estrategia se refleja en la coordinaci\u00f3n con las fuerzas federales, estatales y municipales, as\u00ed como con empresas y organizaciones de la sociedad civil.<\/p>\n","protected":false},"excerpt":{"rendered":"<p>Culiac\u00e1n, Sin., a 29 de octubre de 2025.- Tras concluir su proceso de formaci\u00f3n en la Universidad de la Polic\u00eda, el alcalde Juan de Dios G\u00e1mez Mend\u00edvil dio la bienvenida a 33 nuevos polic\u00edas municipales, con el objetivo de acercarse m\u00e1s a la poblaci\u00f3n y fortalecer las acciones de seguridad preventiva en la ciudad. Durante [&hellip;]<\/p>\n","protected":false},"author":2,"featured_media":60753,"comment_status":"closed","ping_status":"open","sticky":false,"template":"","format":"standard","meta":{"_mi_skip_tracking":false,"footnotes":""},"categories":[12],"tags":[],"class_list":["post-60752","post","type-post","status-publish","format-standard","has-post-thumbnail","hentry","category-ciudad"],"_links":{"self":[{"href":"https:\/\/www.puntociegoeditorial.com\/web\/wp-json\/wp\/v2\/posts\/60752","targetHints":{"allow":["GET"]}}],"collection":[{"href":"https:\/\/www.puntociegoeditorial.com\/web\/wp-json\/wp\/v2\/posts"}],"about":[{"href":"https:\/\/www.puntociegoeditorial.com\/web\/wp-json\/wp\/v2\/types\/post"}],"author":[{"embeddable":true,"href":"https:\/\/www.puntociegoeditorial.com\/web\/wp-json\/wp\/v2\/users\/2"}],"replies":[{"embeddable":true,"href":"https:\/\/www.puntociegoeditorial.com\/web\/wp-json\/wp\/v2\/comments?post=60752"}],"version-history":[{"count":1,"href":"https:\/\/www.puntociegoeditorial.com\/web\/wp-json\/wp\/v2\/posts\/60752\/revisions"}],"predecessor-version":[{"id":60754,"href":"https:\/\/www.puntociegoeditorial.com\/web\/wp-json\/wp\/v2\/posts\/60752\/revisions\/60754"}],"wp:featuredmedia":[{"embeddable":true,"href":"https:\/\/www.puntociegoeditorial.com\/web\/wp-json\/wp\/v2\/media\/60753"}],"wp:attachment":[{"href":"https:\/\/www.puntociegoeditorial.com\/web\/wp-json\/wp\/v2\/media?parent=60752"}],"wp:term":[{"taxonomy":"category","embeddable":true,"href":"https:\/\/www.puntociegoeditorial.com\/web\/wp-json\/wp\/v2\/categories?post=60752"},{"taxonomy":"post_tag","embeddable":true,"href":"https:\/\/www.puntociegoeditorial.com\/web\/wp-json\/wp\/v2\/tags?post=60752"}],"curies":[{"name":"wp","href":"https:\/\/api.w.org\/{rel}","templated":true}]}}