{"id":60801,"date":"2025-10-30T15:02:39","date_gmt":"2025-10-30T22:02:39","guid":{"rendered":"https:\/\/www.puntociegoeditorial.com\/web\/?p=60801"},"modified":"2025-10-30T15:02:39","modified_gmt":"2025-10-30T22:02:39","slug":"busca-david-morales-buen-resultadoen-selectivo-de-luchas-asociadas","status":"publish","type":"post","link":"https:\/\/www.puntociegoeditorial.com\/web\/2025\/10\/30\/busca-david-morales-buen-resultadoen-selectivo-de-luchas-asociadas\/","title":{"rendered":"BUSCA DAVID MORALES BUEN RESULTADOEN SELECTIVO DE LUCHAS ASOCIADAS"},"content":{"rendered":"\n<p>CULIAC\u00c1N, Sinaloa._ El sinaloense David Salvador Morales Rocha representar\u00e1 al estado en el Selectivo Nacional de Luchas Asociadas, a celebrarse del 30 de octubre al 2 de noviembre en la ciudad de Oaxtepec, Morelos, evento que reunir\u00e1 a la \u00e9lite de esta disciplina.<\/p>\n\n\n\n<p>Este esfuerzo cuenta con el respaldo del Gobierno del Estado de Sinaloa, que encabeza el doctor <em>Rub\u00e9n Rocha Moya<\/em> , a trav\u00e9s del Instituto Sinaloense de Cultura F\u00edsica y el Deporte (ISDE), refrendando el compromiso de impulsar a las y los deportistas sinaloenses rumbo al alto rendimiento.<\/p>\n\n\n\n<p>El joven originario de Navolato participar\u00e1 en las categor\u00edas U21 y U23, con el objetivo de sumar puntos importantes rumbo a la conformaci\u00f3n de la Selecci\u00f3n Nacional Juvenil, as\u00ed como medirse ante los mejores exponentes del pa\u00eds en su proceso competitivo rumbo a la pr\u00f3xima Olimpiada Nacional.<\/p>\n\n\n\n<p>\u201cVoy muy bien preparado a este evento gracias a mi entrenador Orestes Morales (t\u00edo) y a mi primo Pa\u00fal Morales. Estoy muy motivado de estar en esta competencia, ya que es un punto importante para volver a ser selecci\u00f3n nacional y estudiar a mis rivales rumbo a la Olimpiada Nacional\u201d, expres\u00f3 Morales Rocha.<\/p>\n\n\n\n<p>Sobre su incursi\u00f3n en las luchas, destac\u00f3 que su experiencia previa en Levantamiento de Pesas le ha sido de gran ayuda.<\/p>\n\n\n\n<p>\u201cMi anterior disciplina, que era Levantamiento de Pesas, me dio una base muy fuerte para las luchas. Tengo bastante fuerza para mi edad, y para ser mi primer a\u00f1o me ha ido muy bien; he quedado campe\u00f3n, he estado en la preselecci\u00f3n nacional y seguimos trabajando para no aflojar y pr\u00f3ximamente buscar el campeonato nacional\u201d, se\u00f1al\u00f3.<\/p>\n\n\n\n<p>Con gran determinaci\u00f3n, el navolatense asegur\u00f3 que su meta es coronarse campe\u00f3n en ambas categor\u00edas (U21 y U23) y asegurar un lugar en la preselecci\u00f3n nacional, paso clave para futuros compromisos internacionales.<\/p>\n","protected":false},"excerpt":{"rendered":"<p>CULIAC\u00c1N, Sinaloa._ El sinaloense David Salvador Morales Rocha representar\u00e1 al estado en el Selectivo Nacional de Luchas Asociadas, a celebrarse del 30 de octubre al 2 de noviembre en la ciudad de Oaxtepec, Morelos, evento que reunir\u00e1 a la \u00e9lite de esta disciplina. Este esfuerzo cuenta con el respaldo del Gobierno del Estado de Sinaloa, [&hellip;]<\/p>\n","protected":false},"author":2,"featured_media":60802,"comment_status":"closed","ping_status":"open","sticky":false,"template":"","format":"standard","meta":{"_mi_skip_tracking":false,"footnotes":""},"categories":[16],"tags":[],"class_list":["post-60801","post","type-post","status-publish","format-standard","has-post-thumbnail","hentry","category-accion"],"_links":{"self":[{"href":"https:\/\/www.puntociegoeditorial.com\/web\/wp-json\/wp\/v2\/posts\/60801","targetHints":{"allow":["GET"]}}],"collection":[{"href":"https:\/\/www.puntociegoeditorial.com\/web\/wp-json\/wp\/v2\/posts"}],"about":[{"href":"https:\/\/www.puntociegoeditorial.com\/web\/wp-json\/wp\/v2\/types\/post"}],"author":[{"embeddable":true,"href":"https:\/\/www.puntociegoeditorial.com\/web\/wp-json\/wp\/v2\/users\/2"}],"replies":[{"embeddable":true,"href":"https:\/\/www.puntociegoeditorial.com\/web\/wp-json\/wp\/v2\/comments?post=60801"}],"version-history":[{"count":1,"href":"https:\/\/www.puntociegoeditorial.com\/web\/wp-json\/wp\/v2\/posts\/60801\/revisions"}],"predecessor-version":[{"id":60803,"href":"https:\/\/www.puntociegoeditorial.com\/web\/wp-json\/wp\/v2\/posts\/60801\/revisions\/60803"}],"wp:featuredmedia":[{"embeddable":true,"href":"https:\/\/www.puntociegoeditorial.com\/web\/wp-json\/wp\/v2\/media\/60802"}],"wp:attachment":[{"href":"https:\/\/www.puntociegoeditorial.com\/web\/wp-json\/wp\/v2\/media?parent=60801"}],"wp:term":[{"taxonomy":"category","embeddable":true,"href":"https:\/\/www.puntociegoeditorial.com\/web\/wp-json\/wp\/v2\/categories?post=60801"},{"taxonomy":"post_tag","embeddable":true,"href":"https:\/\/www.puntociegoeditorial.com\/web\/wp-json\/wp\/v2\/tags?post=60801"}],"curies":[{"name":"wp","href":"https:\/\/api.w.org\/{rel}","templated":true}]}}