{"id":60817,"date":"2025-10-30T21:15:28","date_gmt":"2025-10-31T04:15:28","guid":{"rendered":"https:\/\/www.puntociegoeditorial.com\/web\/?p=60817"},"modified":"2025-10-30T21:15:28","modified_gmt":"2025-10-31T04:15:28","slug":"avances-sobre-el-caso-de-los-menores-rescatados-por-la-secretaria-de-marina","status":"publish","type":"post","link":"https:\/\/www.puntociegoeditorial.com\/web\/2025\/10\/30\/avances-sobre-el-caso-de-los-menores-rescatados-por-la-secretaria-de-marina\/","title":{"rendered":"Avances sobre el caso de los menores rescatados por la Secretar\u00eda de Marina"},"content":{"rendered":"\n<p>Ahome, Sinaloa; 30 de octubre de 2025.- La Fiscal\u00eda General del Estado de Sinaloa, a trav\u00e9s de la Vicefiscal\u00eda Regional Zona Norte, informa que contin\u00faan las diligencias relacionadas con el caso de los j\u00f3venes rescatados en altamar por la Secretar\u00eda de Marina (SEMAR).<\/p>\n\n\n\n<p>Hasta el momento, el Ministerio P\u00fablico ha realizado entrevistas a 25 de las personas rescatadas, quienes de manera coincidente manifestaron que viajaron de forma voluntaria con destino a Baja California Sur para realizar trabajos agr\u00edcolas, y que ya hab\u00edan laborado en el municipio de Comond\u00fa.<\/p>\n\n\n\n<p>La Fiscal\u00eda del Estado ha implementado medidas de protecci\u00f3n para garantizar la seguridad, integridad f\u00edsica, alimentaci\u00f3n y alojamiento de las v\u00edctimas, con el apoyo de autoridades estatales y municipales.<\/p>\n\n\n\n<p>Asimismo, se cuenta con el apoyo de dos traductores, a fin de facilitar la comunicaci\u00f3n y el desarrollo de las entrevistas, considerando la diversidad cultural de los j\u00f3venes, quienes son originarios del estado de Chiapas.<\/p>\n\n\n\n<p>Cabe destacar que han mantenido comunicaci\u00f3n constante con sus familias, a trav\u00e9s de sus tel\u00e9fonos celulares (que ya portaban al momento de su rescate).<\/p>\n\n\n\n<p>La Fiscal\u00eda General del Estado de Sinaloa continuar\u00e1 realizando las diligencias correspondientes y trabajar\u00e1 durante toda la noche, con la finalidad de concluir con las entrevistas en el menor tiempo posible.<\/p>\n","protected":false},"excerpt":{"rendered":"<p>Ahome, Sinaloa; 30 de octubre de 2025.- La Fiscal\u00eda General del Estado de Sinaloa, a trav\u00e9s de la Vicefiscal\u00eda Regional Zona Norte, informa que contin\u00faan las diligencias relacionadas con el caso de los j\u00f3venes rescatados en altamar por la Secretar\u00eda de Marina (SEMAR). Hasta el momento, el Ministerio P\u00fablico ha realizado entrevistas a 25 de [&hellip;]<\/p>\n","protected":false},"author":2,"featured_media":60773,"comment_status":"closed","ping_status":"open","sticky":false,"template":"","format":"standard","meta":{"_mi_skip_tracking":false,"footnotes":""},"categories":[14],"tags":[],"class_list":["post-60817","post","type-post","status-publish","format-standard","has-post-thumbnail","hentry","category-mexico"],"_links":{"self":[{"href":"https:\/\/www.puntociegoeditorial.com\/web\/wp-json\/wp\/v2\/posts\/60817","targetHints":{"allow":["GET"]}}],"collection":[{"href":"https:\/\/www.puntociegoeditorial.com\/web\/wp-json\/wp\/v2\/posts"}],"about":[{"href":"https:\/\/www.puntociegoeditorial.com\/web\/wp-json\/wp\/v2\/types\/post"}],"author":[{"embeddable":true,"href":"https:\/\/www.puntociegoeditorial.com\/web\/wp-json\/wp\/v2\/users\/2"}],"replies":[{"embeddable":true,"href":"https:\/\/www.puntociegoeditorial.com\/web\/wp-json\/wp\/v2\/comments?post=60817"}],"version-history":[{"count":1,"href":"https:\/\/www.puntociegoeditorial.com\/web\/wp-json\/wp\/v2\/posts\/60817\/revisions"}],"predecessor-version":[{"id":60819,"href":"https:\/\/www.puntociegoeditorial.com\/web\/wp-json\/wp\/v2\/posts\/60817\/revisions\/60819"}],"wp:featuredmedia":[{"embeddable":true,"href":"https:\/\/www.puntociegoeditorial.com\/web\/wp-json\/wp\/v2\/media\/60773"}],"wp:attachment":[{"href":"https:\/\/www.puntociegoeditorial.com\/web\/wp-json\/wp\/v2\/media?parent=60817"}],"wp:term":[{"taxonomy":"category","embeddable":true,"href":"https:\/\/www.puntociegoeditorial.com\/web\/wp-json\/wp\/v2\/categories?post=60817"},{"taxonomy":"post_tag","embeddable":true,"href":"https:\/\/www.puntociegoeditorial.com\/web\/wp-json\/wp\/v2\/tags?post=60817"}],"curies":[{"name":"wp","href":"https:\/\/api.w.org\/{rel}","templated":true}]}}