{"id":60821,"date":"2025-10-30T21:17:35","date_gmt":"2025-10-31T04:17:35","guid":{"rendered":"https:\/\/www.puntociegoeditorial.com\/web\/?p=60821"},"modified":"2025-10-30T21:17:35","modified_gmt":"2025-10-31T04:17:35","slug":"arranca-el-bazar-halloween-en-plazuela-obregon-para-impulsar-economia-local","status":"publish","type":"post","link":"https:\/\/www.puntociegoeditorial.com\/web\/2025\/10\/30\/arranca-el-bazar-halloween-en-plazuela-obregon-para-impulsar-economia-local\/","title":{"rendered":"Arranca el Bazar Halloween en Plazuela Obreg\u00f3n para impulsar econom\u00eda local"},"content":{"rendered":"\n<p>Culiac\u00e1n, Sin., a 30 de octubre de 2025.- Con la participaci\u00f3n de comerciantes del primer cuadro de la ciudad, dio inicio el Bazar Halloween en la Plazuela \u00c1lvaro Obreg\u00f3n, espacio que estar\u00e1 disponible para las familias culiacanenses los d\u00edas 30, 31 de octubre y 1 de noviembre, con el fin de fortalecer la econom\u00eda local y ofrecer productos alusivos a la temporada.<\/p>\n\n\n\n<p>El corredor comercial contar\u00e1 con venta de accesorios, ropa, alimentos, artesan\u00edas, art\u00edculos para el cuidado personal y productos relacionados con Halloween y D\u00eda de Muertos, adem\u00e1s de actividades culturales y recreativas como presentaciones musicales, catrinas y show de payasos. Los m\u00f3dulos permanecer\u00e1n abiertos desde temprano y hasta la tarde durante las fechas se\u00f1aladas.<\/p>\n\n\n\n<p>Mar\u00eda Antonia Lule Morales, presidenta del Frente de Uniones de Vendedores Ambulantes del Estado de Sinaloa A.C., destac\u00f3 que esta iniciativa representa una oportunidad para que comerciantes del tianguis de la Carrasco y del centro de la ciudad incrementen sus ventas y se acerquen a la ciudadan\u00eda en un ambiente familiar.<\/p>\n\n\n\n<p>\u201cDarle las gracias al Ayuntamiento porque jam\u00e1s hab\u00edamos tenido un apoyo como nos est\u00e1n dando, porque adem\u00e1s de que ofrecemos nuestros productos nos ayudan a reactivar la econom\u00eda de aqu\u00ed del centro\u201d, expres\u00f3.<\/p>\n\n\n\n<p>Adem\u00e1s, inform\u00f3 que pr\u00f3ximamente se realizar\u00e1n tambi\u00e9n el Bazar del Buen Fin y el Bazar Decembrino, invitando a la comunidad a continuar apoyando el comercio local y disfrutar de estas actividades.<\/p>\n","protected":false},"excerpt":{"rendered":"<p>Culiac\u00e1n, Sin., a 30 de octubre de 2025.- Con la participaci\u00f3n de comerciantes del primer cuadro de la ciudad, dio inicio el Bazar Halloween en la Plazuela \u00c1lvaro Obreg\u00f3n, espacio que estar\u00e1 disponible para las familias culiacanenses los d\u00edas 30, 31 de octubre y 1 de noviembre, con el fin de fortalecer la econom\u00eda local [&hellip;]<\/p>\n","protected":false},"author":2,"featured_media":60823,"comment_status":"closed","ping_status":"open","sticky":false,"template":"","format":"standard","meta":{"_mi_skip_tracking":false,"footnotes":""},"categories":[12],"tags":[],"class_list":["post-60821","post","type-post","status-publish","format-standard","has-post-thumbnail","hentry","category-ciudad"],"_links":{"self":[{"href":"https:\/\/www.puntociegoeditorial.com\/web\/wp-json\/wp\/v2\/posts\/60821","targetHints":{"allow":["GET"]}}],"collection":[{"href":"https:\/\/www.puntociegoeditorial.com\/web\/wp-json\/wp\/v2\/posts"}],"about":[{"href":"https:\/\/www.puntociegoeditorial.com\/web\/wp-json\/wp\/v2\/types\/post"}],"author":[{"embeddable":true,"href":"https:\/\/www.puntociegoeditorial.com\/web\/wp-json\/wp\/v2\/users\/2"}],"replies":[{"embeddable":true,"href":"https:\/\/www.puntociegoeditorial.com\/web\/wp-json\/wp\/v2\/comments?post=60821"}],"version-history":[{"count":1,"href":"https:\/\/www.puntociegoeditorial.com\/web\/wp-json\/wp\/v2\/posts\/60821\/revisions"}],"predecessor-version":[{"id":60824,"href":"https:\/\/www.puntociegoeditorial.com\/web\/wp-json\/wp\/v2\/posts\/60821\/revisions\/60824"}],"wp:featuredmedia":[{"embeddable":true,"href":"https:\/\/www.puntociegoeditorial.com\/web\/wp-json\/wp\/v2\/media\/60823"}],"wp:attachment":[{"href":"https:\/\/www.puntociegoeditorial.com\/web\/wp-json\/wp\/v2\/media?parent=60821"}],"wp:term":[{"taxonomy":"category","embeddable":true,"href":"https:\/\/www.puntociegoeditorial.com\/web\/wp-json\/wp\/v2\/categories?post=60821"},{"taxonomy":"post_tag","embeddable":true,"href":"https:\/\/www.puntociegoeditorial.com\/web\/wp-json\/wp\/v2\/tags?post=60821"}],"curies":[{"name":"wp","href":"https:\/\/api.w.org\/{rel}","templated":true}]}}