{"id":60834,"date":"2025-10-31T06:47:25","date_gmt":"2025-10-31T13:47:25","guid":{"rendered":"https:\/\/www.puntociegoeditorial.com\/web\/?p=60834"},"modified":"2025-11-09T17:04:43","modified_gmt":"2025-11-10T00:04:43","slug":"conmemoran-el-dia-de-muertos-con-arte-y-tradicion-con-el-cuadrante-cultural-rosales","status":"publish","type":"post","link":"https:\/\/www.puntociegoeditorial.com\/web\/2025\/10\/31\/conmemoran-el-dia-de-muertos-con-arte-y-tradicion-con-el-cuadrante-cultural-rosales\/","title":{"rendered":"Conmemoran el D\u00eda de Muertos con arte y tradici\u00f3n con el Cuadrante Cultural Rosales"},"content":{"rendered":"\n<p>Culiac\u00e1n, Sin., a 30 de octubre de 2025.\u2013 Con gran ambiente familiar, colorido y tradici\u00f3n, se llev\u00f3 a cabo el Cuadrante Cultural Rosales, Primer Festival Art\u00edstico Popular del D\u00eda de Muertos, donde ni\u00f1as, ni\u00f1os y j\u00f3venes participaron con entusiasmo en distintas presentaciones art\u00edsticas.<\/p>\n\n\n\n<p>El evento fue organizado por la Escuela Primaria Eustaquio Buelna (Escuela No. 8), en coordinaci\u00f3n con COBAES, STASE, la escuela G\u00f3mez Romero, el Centro Iniciaci\u00f3n Art\u00edstica (CIA) y otras instituciones educativas, con el valioso apoyo del Ayuntamiento de Culiac\u00e1n a trav\u00e9s del Instituto Municipal de Cultura.<\/p>\n\n\n\n<p>Durante la jornada, el p\u00fablico disfrut\u00f3 de presentaciones de jazz, bailables tradicionales, vestimentas alusivas al D\u00eda de Muertos, relatos, exhibiciones gastron\u00f3micas y la participaci\u00f3n de un grupo campirano que llen\u00f3 el ambiente de m\u00fasica mexicana.<\/p>\n\n\n\n<p>Uno de los momentos m\u00e1s destacados fue la interpretaci\u00f3n al piano por parte de la ni\u00f1a Alicia Daniela Cepeda, alumna de G\u00f3mez Romero quien emocion\u00f3 a los asistentes con su talento y deleitando al p\u00fablico con la melod\u00eda Coraz\u00f3n de Ni\u00f1o.<\/p>\n\n\n\n<p>Las familias se reunieron para acompa\u00f1ar y aplaudir las presentaciones de sus hijos, haciendo de esta conmemoraci\u00f3n un encuentro lleno de identidad, arte y comunidad.<\/p>\n","protected":false},"excerpt":{"rendered":"<p>Culiac\u00e1n, Sin., a 30 de octubre de 2025.\u2013 Con gran ambiente familiar, colorido y tradici\u00f3n, se llev\u00f3 a cabo el Cuadrante Cultural Rosales, Primer Festival Art\u00edstico Popular del D\u00eda de Muertos, donde ni\u00f1as, ni\u00f1os y j\u00f3venes participaron con entusiasmo en distintas presentaciones art\u00edsticas. El evento fue organizado por la Escuela Primaria Eustaquio Buelna (Escuela No. [&hellip;]<\/p>\n","protected":false},"author":2,"featured_media":60835,"comment_status":"closed","ping_status":"open","sticky":false,"template":"","format":"standard","meta":{"_mi_skip_tracking":false,"footnotes":""},"categories":[12],"tags":[],"class_list":["post-60834","post","type-post","status-publish","format-standard","has-post-thumbnail","hentry","category-ciudad"],"_links":{"self":[{"href":"https:\/\/www.puntociegoeditorial.com\/web\/wp-json\/wp\/v2\/posts\/60834","targetHints":{"allow":["GET"]}}],"collection":[{"href":"https:\/\/www.puntociegoeditorial.com\/web\/wp-json\/wp\/v2\/posts"}],"about":[{"href":"https:\/\/www.puntociegoeditorial.com\/web\/wp-json\/wp\/v2\/types\/post"}],"author":[{"embeddable":true,"href":"https:\/\/www.puntociegoeditorial.com\/web\/wp-json\/wp\/v2\/users\/2"}],"replies":[{"embeddable":true,"href":"https:\/\/www.puntociegoeditorial.com\/web\/wp-json\/wp\/v2\/comments?post=60834"}],"version-history":[{"count":1,"href":"https:\/\/www.puntociegoeditorial.com\/web\/wp-json\/wp\/v2\/posts\/60834\/revisions"}],"predecessor-version":[{"id":60836,"href":"https:\/\/www.puntociegoeditorial.com\/web\/wp-json\/wp\/v2\/posts\/60834\/revisions\/60836"}],"wp:featuredmedia":[{"embeddable":true,"href":"https:\/\/www.puntociegoeditorial.com\/web\/wp-json\/wp\/v2\/media\/60835"}],"wp:attachment":[{"href":"https:\/\/www.puntociegoeditorial.com\/web\/wp-json\/wp\/v2\/media?parent=60834"}],"wp:term":[{"taxonomy":"category","embeddable":true,"href":"https:\/\/www.puntociegoeditorial.com\/web\/wp-json\/wp\/v2\/categories?post=60834"},{"taxonomy":"post_tag","embeddable":true,"href":"https:\/\/www.puntociegoeditorial.com\/web\/wp-json\/wp\/v2\/tags?post=60834"}],"curies":[{"name":"wp","href":"https:\/\/api.w.org\/{rel}","templated":true}]}}