{"id":60865,"date":"2025-11-03T13:01:36","date_gmt":"2025-11-03T20:01:36","guid":{"rendered":"https:\/\/www.puntociegoeditorial.com\/web\/?p=60865"},"modified":"2025-11-09T17:07:49","modified_gmt":"2025-11-10T00:07:49","slug":"juan-de-dios-gamez-realiza-ajustes-en-bienestar-comunicacion-social-y-gestiones-de-presidencia","status":"publish","type":"post","link":"https:\/\/www.puntociegoeditorial.com\/web\/2025\/11\/03\/juan-de-dios-gamez-realiza-ajustes-en-bienestar-comunicacion-social-y-gestiones-de-presidencia\/","title":{"rendered":"Juan de Dios G\u00e1mez realiza ajustes en Bienestar, Comunicaci\u00f3n Social y Gestiones de Presidencia"},"content":{"rendered":"\n<p>Culiac\u00e1n, Sin., a 3 de noviembre de 2025.- Como parte de una evaluaci\u00f3n permanente al desempe\u00f1o de su equipo de trabajo, el presidente municipal de Culiac\u00e1n, Juan de Dios G\u00e1mez Mend\u00edvil, realiz\u00f3 ajustes en su gabinete con la designaci\u00f3n de nuevos titulares en tres \u00e1reas estrat\u00e9gicas.<\/p>\n\n\n\n<p>Los cambios efectuados por el alcalde corresponden a la Secretar\u00eda de Bienestar, la Direcci\u00f3n de Comunicaci\u00f3n Social y el Departamento de Gestiones de Presidencia Municipal; sin embargo, aclar\u00f3 que estos movimientos forman parte de un proceso de revisi\u00f3n continua que podr\u00eda derivar en nuevos ajustes.<\/p>\n\n\n\n<p>En la Secretar\u00eda de Bienestar fue designada Itzel Margarita Estolano Ibarra, quien formaba parte del cuerpo de regidores; en Comunicaci\u00f3n Social, Jos\u00e9 Ja\u00edr Flores T\u00e9llez; y en Gestiones de Presidencia Municipal, Adalay Montoya Castro.<\/p>\n\n\n\n<p>En un acto realizado en su despacho, Juan de Dios G\u00e1mez tom\u00f3 la protesta de ley a los nuevos funcionarios, a quienes exhort\u00f3 a desempe\u00f1arse con responsabilidad, compromiso y trabajo en equipo, manteniendo como eje la transformaci\u00f3n y el bienestar de Culiac\u00e1n.<\/p>\n\n\n\n<p>El presidente municipal reiter\u00f3 que todas las \u00e1reas del Ayuntamiento se encuentran bajo evaluaci\u00f3n constante para fortalecer el desempe\u00f1o institucional y mejorar la atenci\u00f3n a la ciudadan\u00eda.<\/p>\n\n\n\n<p>Itzel Margarita Estolano Ibarra, nueva titular de la Secretar\u00eda de Bienestar, se ven\u00eda desempe\u00f1ando como regidora, cargo al que solicit\u00f3 licencia durante la sesi\u00f3n extraordinaria de Cabildo celebrada esta ma\u00f1ana. Anteriormente fue jefa del Departamento de Estrategias Digitales y colabor\u00f3 en la Delegaci\u00f3n de Programas para el Bienestar como Servidora de la Naci\u00f3n.<\/p>\n\n\n\n<p>Jos\u00e9 Ja\u00edr Flores T\u00e9llez, nuevo director de Comunicaci\u00f3n Social, cuenta con amplia experiencia en medios de comunicaci\u00f3n y ha desempe\u00f1ado cargos como director de Difusi\u00f3n de la Coordinaci\u00f3n General de Comunicaci\u00f3n del Gobierno del Estado de Sinaloa, as\u00ed como director de Comunicaci\u00f3n Social en los Ayuntamientos de Guasave y Sinaloa.<\/p>\n\n\n\n<p>Adalay Montoya Castro, nueva responsable del Departamento de Gestiones de Presidencia Municipal, se desempe\u00f1aba como titular del Teatro MIA y anteriormente colabor\u00f3 en el \u00e1rea de Obras P\u00fablicas del Ayuntamiento.<\/p>\n","protected":false},"excerpt":{"rendered":"<p>Culiac\u00e1n, Sin., a 3 de noviembre de 2025.- Como parte de una evaluaci\u00f3n permanente al desempe\u00f1o de su equipo de trabajo, el presidente municipal de Culiac\u00e1n, Juan de Dios G\u00e1mez Mend\u00edvil, realiz\u00f3 ajustes en su gabinete con la designaci\u00f3n de nuevos titulares en tres \u00e1reas estrat\u00e9gicas. Los cambios efectuados por el alcalde corresponden a la [&hellip;]<\/p>\n","protected":false},"author":2,"featured_media":60866,"comment_status":"closed","ping_status":"open","sticky":false,"template":"","format":"standard","meta":{"_mi_skip_tracking":false,"footnotes":""},"categories":[12],"tags":[],"class_list":["post-60865","post","type-post","status-publish","format-standard","has-post-thumbnail","hentry","category-ciudad"],"_links":{"self":[{"href":"https:\/\/www.puntociegoeditorial.com\/web\/wp-json\/wp\/v2\/posts\/60865","targetHints":{"allow":["GET"]}}],"collection":[{"href":"https:\/\/www.puntociegoeditorial.com\/web\/wp-json\/wp\/v2\/posts"}],"about":[{"href":"https:\/\/www.puntociegoeditorial.com\/web\/wp-json\/wp\/v2\/types\/post"}],"author":[{"embeddable":true,"href":"https:\/\/www.puntociegoeditorial.com\/web\/wp-json\/wp\/v2\/users\/2"}],"replies":[{"embeddable":true,"href":"https:\/\/www.puntociegoeditorial.com\/web\/wp-json\/wp\/v2\/comments?post=60865"}],"version-history":[{"count":1,"href":"https:\/\/www.puntociegoeditorial.com\/web\/wp-json\/wp\/v2\/posts\/60865\/revisions"}],"predecessor-version":[{"id":60867,"href":"https:\/\/www.puntociegoeditorial.com\/web\/wp-json\/wp\/v2\/posts\/60865\/revisions\/60867"}],"wp:featuredmedia":[{"embeddable":true,"href":"https:\/\/www.puntociegoeditorial.com\/web\/wp-json\/wp\/v2\/media\/60866"}],"wp:attachment":[{"href":"https:\/\/www.puntociegoeditorial.com\/web\/wp-json\/wp\/v2\/media?parent=60865"}],"wp:term":[{"taxonomy":"category","embeddable":true,"href":"https:\/\/www.puntociegoeditorial.com\/web\/wp-json\/wp\/v2\/categories?post=60865"},{"taxonomy":"post_tag","embeddable":true,"href":"https:\/\/www.puntociegoeditorial.com\/web\/wp-json\/wp\/v2\/tags?post=60865"}],"curies":[{"name":"wp","href":"https:\/\/api.w.org\/{rel}","templated":true}]}}