{"id":609,"date":"2021-09-03T13:08:41","date_gmt":"2021-09-03T19:08:41","guid":{"rendered":"https:\/\/puntociegoeditorial.com\/web\/?p=609"},"modified":"2021-09-03T13:08:41","modified_gmt":"2021-09-03T19:08:41","slug":"abren-jornada-de-vacunacion-en-angostura","status":"publish","type":"post","link":"https:\/\/www.puntociegoeditorial.com\/web\/2021\/09\/03\/abren-jornada-de-vacunacion-en-angostura\/","title":{"rendered":"Abren jornada de vacunaci\u00f3n en Angostura"},"content":{"rendered":"\n<p>Angostura, Sinaloa.- Con la finalidad de cubrir los esquemas de vacunaci\u00f3n en ni\u00f1os en edad escolar, la Jurisdicci\u00f3n Sanitaria N\u00famero 3, en coordinaci\u00f3n con la Direcci\u00f3n de Salud Municipal, este viernes est\u00e1 llevando a cabo una jornada de vacunaci\u00f3n en las instalaciones del Ayuntamiento de Angostura.<\/p>\n\n\n\n<p>En representaci\u00f3n de la alcaldesa, Aglaee Montoya Mart\u00ednez, estuvo presente el Secretario del Ayuntamiento Sa\u00fal Gonz\u00e1lez Contreras, qui\u00e9n a nombre de la primera Edil, agradeci\u00f3 la disposici\u00f3n de la Secretar\u00eda de Salud por proteger a los m\u00e1s peque\u00f1os del hogar.<\/p>\n\n\n\n<p>El Jefe de la Jurisdicci\u00f3n Sanitaria N\u00famero 3, Luis V\u00edctor Velazco Zayas, \u00cdndico que se busca cumplir la meta del 95% en cobertura de la vacuna contra sarampi\u00f3n y rub\u00e9ola, informando hasta el momento se ha cumplido en un 87.9%, adem\u00e1s manifest\u00f3 que se pretende que los menores acomopleten su esquema de vacunaci\u00f3n, destacando que se cuenta con existencia de todas las vacunas inclu\u00eddas en el esquema para ni\u00f1os de 0 a 6 a\u00f1os, incluso hasta los 9.<\/p>\n\n\n\n<p>Por su parte el M\u00e9dico Municipal, Ismael Angulo Meza, puntualiz\u00f3 que se est\u00e1 campa\u00f1a se encuentra en los Centros de Salud, pero se pretende qu\u00e9 m\u00e1s personas puedan llevar a sus hijos a vacunar, es por ello que se organizan este tipo de jornadas, invitando a los angosturenses a que acudan a este m\u00f3dulo ubicado en las instalaciones de la Presidencia Municipal durante el d\u00eda de hoy viernes.<\/p>\n","protected":false},"excerpt":{"rendered":"<p>Angostura, Sinaloa.- Con la finalidad de cubrir los esquemas de vacunaci\u00f3n en ni\u00f1os en edad escolar, la Jurisdicci\u00f3n Sanitaria N\u00famero 3, en coordinaci\u00f3n con la Direcci\u00f3n de Salud Municipal, este viernes est\u00e1 llevando a cabo una jornada de vacunaci\u00f3n en las instalaciones del Ayuntamiento de Angostura. En representaci\u00f3n de la alcaldesa, Aglaee Montoya Mart\u00ednez, estuvo [&hellip;]<\/p>\n","protected":false},"author":2,"featured_media":610,"comment_status":"open","ping_status":"open","sticky":false,"template":"","format":"standard","meta":{"_mi_skip_tracking":false,"footnotes":""},"categories":[13],"tags":[189,190,153],"class_list":["post-609","post","type-post","status-publish","format-standard","has-post-thumbnail","hentry","category-sinaloa","tag-angostura","tag-ayuntamiento-de-angostura","tag-vacunacion"],"_links":{"self":[{"href":"https:\/\/www.puntociegoeditorial.com\/web\/wp-json\/wp\/v2\/posts\/609","targetHints":{"allow":["GET"]}}],"collection":[{"href":"https:\/\/www.puntociegoeditorial.com\/web\/wp-json\/wp\/v2\/posts"}],"about":[{"href":"https:\/\/www.puntociegoeditorial.com\/web\/wp-json\/wp\/v2\/types\/post"}],"author":[{"embeddable":true,"href":"https:\/\/www.puntociegoeditorial.com\/web\/wp-json\/wp\/v2\/users\/2"}],"replies":[{"embeddable":true,"href":"https:\/\/www.puntociegoeditorial.com\/web\/wp-json\/wp\/v2\/comments?post=609"}],"version-history":[{"count":1,"href":"https:\/\/www.puntociegoeditorial.com\/web\/wp-json\/wp\/v2\/posts\/609\/revisions"}],"predecessor-version":[{"id":611,"href":"https:\/\/www.puntociegoeditorial.com\/web\/wp-json\/wp\/v2\/posts\/609\/revisions\/611"}],"wp:featuredmedia":[{"embeddable":true,"href":"https:\/\/www.puntociegoeditorial.com\/web\/wp-json\/wp\/v2\/media\/610"}],"wp:attachment":[{"href":"https:\/\/www.puntociegoeditorial.com\/web\/wp-json\/wp\/v2\/media?parent=609"}],"wp:term":[{"taxonomy":"category","embeddable":true,"href":"https:\/\/www.puntociegoeditorial.com\/web\/wp-json\/wp\/v2\/categories?post=609"},{"taxonomy":"post_tag","embeddable":true,"href":"https:\/\/www.puntociegoeditorial.com\/web\/wp-json\/wp\/v2\/tags?post=609"}],"curies":[{"name":"wp","href":"https:\/\/api.w.org\/{rel}","templated":true}]}}