{"id":612,"date":"2021-09-03T14:58:08","date_gmt":"2021-09-03T20:58:08","guid":{"rendered":"http:\/\/puntociegoeditorial.com\/web\/?p=612"},"modified":"2021-09-03T14:58:08","modified_gmt":"2021-09-03T20:58:08","slug":"el-comercio-sigue-en-una-racha-negativa","status":"publish","type":"post","link":"https:\/\/www.puntociegoeditorial.com\/web\/2021\/09\/03\/el-comercio-sigue-en-una-racha-negativa\/","title":{"rendered":"El comercio sigue en una racha negativa"},"content":{"rendered":"\n<p>Las ventas han sido bajas, y para este mes patriota se espera que repinten, se\u00f1al\u00f3 Oscar S\u00e1nchez<\/p>\n\n\n\n<p><\/p>\n\n\n\n<p>Por Juan Almod\u00f3var<\/p>\n\n\n\n<p>El comercio en el centro de Culiac\u00e1n se encuentra en una mala racha, ya que no han podido elevar sus ventas por lo menos a un 20 por ciento en los \u00faltimos 3 meses, y parte de esta problem\u00e1tica es derivado del no regreso a clases presenciales, Afirm\u00f3 \u00d3scar S\u00e1nchez Beltr\u00e1n.<\/p>\n\n\n\n<p>El L\u00edder de los Comerciantes del Centro de Culiac\u00e1n puntualiz\u00f3 que la gran mayor\u00eda de locatarios tuvieron que rematar su mercanc\u00eda otorgando m\u00faltiples ofertas a los ciudadanos, sin embargo, no pudieron generar mayores ganancias por la poca afluencia qu\u00e9 hay en el primer cuadro de la ciudad.<\/p>\n\n\n\n<p>\u201cContin\u00faa la mala racha en las ventas ni con ofertas y remates de la mercanc\u00eda se logr\u00f3 generar ventas en el centro de la ciudad, esperamos haya un aumento con el posible regreso a clases presenciales\u201d<\/p>\n\n\n\n<p>S\u00e1nchez Beltr\u00e1n a\u00f1adi\u00f3 que esperan que las ventas aumentes en las pr\u00f3ximas semanas debido a que es un mes de fiestas patrias y tambi\u00e9n por el posible regreso a clases presenciales en los diferentes planteles educativos.<\/p>\n","protected":false},"excerpt":{"rendered":"<p>Las ventas han sido bajas, y para este mes patriota se espera que repinten, se\u00f1al\u00f3 Oscar S\u00e1nchez Por Juan Almod\u00f3var El comercio en el centro de Culiac\u00e1n se encuentra en una mala racha, ya que no han podido elevar sus ventas por lo menos a un 20 por ciento en los \u00faltimos 3 meses, y [&hellip;]<\/p>\n","protected":false},"author":7,"featured_media":613,"comment_status":"open","ping_status":"open","sticky":false,"template":"","format":"standard","meta":{"_mi_skip_tracking":false,"footnotes":""},"categories":[12],"tags":[],"class_list":["post-612","post","type-post","status-publish","format-standard","has-post-thumbnail","hentry","category-ciudad"],"_links":{"self":[{"href":"https:\/\/www.puntociegoeditorial.com\/web\/wp-json\/wp\/v2\/posts\/612","targetHints":{"allow":["GET"]}}],"collection":[{"href":"https:\/\/www.puntociegoeditorial.com\/web\/wp-json\/wp\/v2\/posts"}],"about":[{"href":"https:\/\/www.puntociegoeditorial.com\/web\/wp-json\/wp\/v2\/types\/post"}],"author":[{"embeddable":true,"href":"https:\/\/www.puntociegoeditorial.com\/web\/wp-json\/wp\/v2\/users\/7"}],"replies":[{"embeddable":true,"href":"https:\/\/www.puntociegoeditorial.com\/web\/wp-json\/wp\/v2\/comments?post=612"}],"version-history":[{"count":1,"href":"https:\/\/www.puntociegoeditorial.com\/web\/wp-json\/wp\/v2\/posts\/612\/revisions"}],"predecessor-version":[{"id":614,"href":"https:\/\/www.puntociegoeditorial.com\/web\/wp-json\/wp\/v2\/posts\/612\/revisions\/614"}],"wp:featuredmedia":[{"embeddable":true,"href":"https:\/\/www.puntociegoeditorial.com\/web\/wp-json\/wp\/v2\/media\/613"}],"wp:attachment":[{"href":"https:\/\/www.puntociegoeditorial.com\/web\/wp-json\/wp\/v2\/media?parent=612"}],"wp:term":[{"taxonomy":"category","embeddable":true,"href":"https:\/\/www.puntociegoeditorial.com\/web\/wp-json\/wp\/v2\/categories?post=612"},{"taxonomy":"post_tag","embeddable":true,"href":"https:\/\/www.puntociegoeditorial.com\/web\/wp-json\/wp\/v2\/tags?post=612"}],"curies":[{"name":"wp","href":"https:\/\/api.w.org\/{rel}","templated":true}]}}