{"id":61742,"date":"2025-11-29T21:48:36","date_gmt":"2025-11-30T04:48:36","guid":{"rendered":"https:\/\/www.puntociegoeditorial.com\/web\/?p=61742"},"modified":"2025-12-05T13:14:00","modified_gmt":"2025-12-05T20:14:00","slug":"navolato-celebra-el-dia-del-corte-de-la-cana-el-canero-cultural-en-su-8va-edicion-una-tradicion-que-mantiene-vivo-el-corazon-del-municipio","status":"publish","type":"post","link":"https:\/\/www.puntociegoeditorial.com\/web\/2025\/11\/29\/navolato-celebra-el-dia-del-corte-de-la-cana-el-canero-cultural-en-su-8va-edicion-una-tradicion-que-mantiene-vivo-el-corazon-del-municipio\/","title":{"rendered":"Navolato celebra el D\u00eda del Corte de la Ca\u00f1a: El Ca\u00f1ero Cultural en su 8va edici\u00f3n, una tradici\u00f3n que mantiene vivo el coraz\u00f3n del municipio"},"content":{"rendered":"\n<p>Navolato, Sinaloa. 29 de noviembre de 2025.- Con el prop\u00f3sito de honrar una fecha profundamente arraigada en la memoria colectiva, dentro del marco del programa de El Ca\u00f1ero Cultural, Navolato celebr\u00f3 el D\u00eda del Corte de la Ca\u00f1a, una jornada que resalta la esencia que dio origen al municipio y que contin\u00faa transmitiendo a nuevas generaciones el legado ca\u00f1ero que molde\u00f3 su car\u00e1cter trabajador, solidario y orgulloso.<\/p>\n\n\n\n<p>Esta conmemoraci\u00f3n no solo evoca el pasado agr\u00edcola; mantiene encendida la ra\u00edz que nutre la identidad navolatense.<\/p>\n\n\n\n<p>El evento inici\u00f3 con la fuerza cultural del Centro Ceremonial de San Miguel Zapotitl\u00e1n, cuyos int\u00e9rpretes llenaron el recinto con el Son de Canario, la danza de pascola y la danza del venado. Cada pieza evoc\u00f3 la grandeza de las tradiciones que han acompa\u00f1ado la historia de la regi\u00f3n y conect\u00f3 a la comunidad con los s\u00edmbolos que han dado sentido a su identidad.<\/p>\n\n\n\n<p>Al mismo tiempo, el espacio se convirti\u00f3 en una explosi\u00f3n de pintura y artes pl\u00e1sticas con la obra de los artistas Guadalupe Castro \u201cLopus Diarakato\u201d, Pablo Medina Dom\u00ednguez y Heriberto L\u00f3pez Zavala, quienes aportaron un componente visual que enriqueci\u00f3 la experiencia cultural de esta fecha tan representativa.<\/p>\n\n\n\n<p>Posteriormente, el tradicional corte de la ca\u00f1a marc\u00f3 el momento central de la celebraci\u00f3n. Este gesto simb\u00f3lico record\u00f3 d\u00e9cadas de esfuerzo en los campos, reconociendo a quienes dedicaron su vida a la labor ca\u00f1era y contribuyeron al crecimiento del municipio. El acto reafirm\u00f3 la importancia de una herencia que permanece vigente gracias al respeto, la uni\u00f3n y el trabajo de su gente.<\/p>\n\n\n\n<p>El ambiente festivo continu\u00f3 con la participaci\u00f3n de la Banda Sinaloense La de Navo, as\u00ed como las presentaciones de Cris Angulo y Majo Medina, quienes llenaron el evento de alegr\u00eda, convivencia y orgullo comunitario. Sus interpretaciones acompa\u00f1aron una jornada que reuni\u00f3 a familias, j\u00f3venes y ciudadanos que reconocen en esta fecha un s\u00edmbolo invaluable de identidad.<\/p>\n\n\n\n<p>A trav\u00e9s de esta conmemoraci\u00f3n, el Ayuntamiento refrenda su compromiso con la protecci\u00f3n y promoci\u00f3n de las expresiones culturales que fortalecen el sentido de pertenencia y honran la historia que ha guiado el desarrollo de Navolato. Este festejo no solo mira al pasado: confirma la determinaci\u00f3n de avanzar hacia un futuro que respeta sus ra\u00edces y celebra lo que distingue al municipio.<\/p>\n\n\n\n<p>Durante la ceremonia y desarrollo del evento estuvieron presentes el Secretario del Ayuntamiento, Lic. Francisco Petris Ruiz, en representaci\u00f3n del Presidente Municipal Dr. Jorge Rosario Boj\u00f3rquez Berrelleza; la L.E.E. Mar\u00eda del Carmen Noriega Ramos, regidora; el Lic. Enrique Estolano Cervantes; el Director del Instituto Navolatense de la Cultura y las Artes; el Lic. Pedro Lachica, representante de El Ca\u00f1ero Cultural; H\u00e9ctor Gamboa, presidente del Motoclub Navolato y Pablo Vizcarra, un ciudadano distinguido, quienes acompa\u00f1aron una celebraci\u00f3n que contin\u00faa siendo uno de los s\u00edmbolos m\u00e1s significativos para Navolato.<\/p>\n","protected":false},"excerpt":{"rendered":"<p>Navolato, Sinaloa. 29 de noviembre de 2025.- Con el prop\u00f3sito de honrar una fecha profundamente arraigada en la memoria colectiva, dentro del marco del programa de El Ca\u00f1ero Cultural, Navolato celebr\u00f3 el D\u00eda del Corte de la Ca\u00f1a, una jornada que resalta la esencia que dio origen al municipio y que contin\u00faa transmitiendo a nuevas [&hellip;]<\/p>\n","protected":false},"author":2,"featured_media":61743,"comment_status":"closed","ping_status":"open","sticky":false,"template":"","format":"standard","meta":{"_mi_skip_tracking":false,"footnotes":""},"categories":[12],"tags":[],"class_list":["post-61742","post","type-post","status-publish","format-standard","has-post-thumbnail","hentry","category-ciudad"],"_links":{"self":[{"href":"https:\/\/www.puntociegoeditorial.com\/web\/wp-json\/wp\/v2\/posts\/61742","targetHints":{"allow":["GET"]}}],"collection":[{"href":"https:\/\/www.puntociegoeditorial.com\/web\/wp-json\/wp\/v2\/posts"}],"about":[{"href":"https:\/\/www.puntociegoeditorial.com\/web\/wp-json\/wp\/v2\/types\/post"}],"author":[{"embeddable":true,"href":"https:\/\/www.puntociegoeditorial.com\/web\/wp-json\/wp\/v2\/users\/2"}],"replies":[{"embeddable":true,"href":"https:\/\/www.puntociegoeditorial.com\/web\/wp-json\/wp\/v2\/comments?post=61742"}],"version-history":[{"count":1,"href":"https:\/\/www.puntociegoeditorial.com\/web\/wp-json\/wp\/v2\/posts\/61742\/revisions"}],"predecessor-version":[{"id":61744,"href":"https:\/\/www.puntociegoeditorial.com\/web\/wp-json\/wp\/v2\/posts\/61742\/revisions\/61744"}],"wp:featuredmedia":[{"embeddable":true,"href":"https:\/\/www.puntociegoeditorial.com\/web\/wp-json\/wp\/v2\/media\/61743"}],"wp:attachment":[{"href":"https:\/\/www.puntociegoeditorial.com\/web\/wp-json\/wp\/v2\/media?parent=61742"}],"wp:term":[{"taxonomy":"category","embeddable":true,"href":"https:\/\/www.puntociegoeditorial.com\/web\/wp-json\/wp\/v2\/categories?post=61742"},{"taxonomy":"post_tag","embeddable":true,"href":"https:\/\/www.puntociegoeditorial.com\/web\/wp-json\/wp\/v2\/tags?post=61742"}],"curies":[{"name":"wp","href":"https:\/\/api.w.org\/{rel}","templated":true}]}}