{"id":61751,"date":"2025-11-29T21:50:59","date_gmt":"2025-11-30T04:50:59","guid":{"rendered":"https:\/\/www.puntociegoeditorial.com\/web\/?p=61751"},"modified":"2025-12-05T13:14:09","modified_gmt":"2025-12-05T20:14:09","slug":"buscando-impulsar-el-talento-regional-se-inauguro-el-primer-torneo-regional-de-box-titanes-en-el-pacifico","status":"publish","type":"post","link":"https:\/\/www.puntociegoeditorial.com\/web\/2025\/11\/29\/buscando-impulsar-el-talento-regional-se-inauguro-el-primer-torneo-regional-de-box-titanes-en-el-pacifico\/","title":{"rendered":"Buscando impulsar el talento regional, se inaugur\u00f3 el primer Torneo Regional de Box \u201cTitanes en el Pac\u00edfico\u201d"},"content":{"rendered":"\n<p>El torneo se llevar\u00e1 a cabo viernes, s\u00e1bado y domingo en el Polideportivo Juan S. Mill\u00e1n, de 1:00 p. m. a 7:00 p. m.<\/p>\n\n\n\n<p>Culiac\u00e1n, Sinaloa, 28 de noviembre de 2025.- Con la participaci\u00f3n de m\u00e1s de 250 pugilistas provenientes de distintos municipios del estado y de Tepic, se inaugur\u00f3 la primera edici\u00f3n del Torneo Regional de Box \u201cTitanes en el Pac\u00edfico\u201d, un espacio creado para el fogueo de j\u00f3venes boxeadores y la proyecci\u00f3n de nuevos talentos de la regi\u00f3n.<\/p>\n\n\n\n<p>Durante el evento, H\u00e9ctor \u201cTory\u201d Murillo, organizador del torneo, dio la bienvenida y agradeci\u00f3 a todas y todos los participantes por su esfuerzo, compromiso y dedicaci\u00f3n. Subray\u00f3 la importancia de este tipo de competencias para fortalecer el deporte y abrir oportunidades a los nuevos prospectos del boxeo.<\/p>\n\n\n\n<p>Por su parte, Itzel Estolano Ibarra, secretaria de Bienestar del municipio, en representaci\u00f3n del alcalde Juan de Dios G\u00e1mez Mend\u00edvil, inaugur\u00f3 oficialmente esta primera edici\u00f3n. En su mensaje, felicit\u00f3 a los organizadores por la realizaci\u00f3n del torneo y dese\u00f3 el mayor de los \u00e9xitos a quienes subir\u00e1n al ring, resaltando que estas actividades fomentan la sana convivencia y el desarrollo deportivo.<\/p>\n\n\n\n<p>El torneo busca impulsar el talento local y brindar una plataforma competitiva que permita a los boxeadores seguir creciendo y representando con orgullo a sus comunidades.<\/p>\n\n\n\n<p>La competencia se desarrollar\u00e1 durante tres d\u00edas en el Polideportivo Juan S. Mill\u00e1n, de viernes a domingo, en un horario de 1:00 p. m. a 7:00 p. m.<\/p>\n\n\n\n<p>Participan pugilistas de Culiac\u00e1n, as\u00ed como de otros municipios como Navolato, Eldorado y Mazatl\u00e1n, adem\u00e1s de representantes del estado de Nayarit.<\/p>\n\n\n\n<p>En la ceremonia tambi\u00e9n estuvieron presentes Jos\u00e9 Alberto Beltr\u00e1n Figueroa, director general del Instituto Municipal del Deporte y la Cultura F\u00edsica; Nallely P\u00e9rez Am\u00e9zquita, directora de Centros Deportivos y Recreativos del municipio; y V\u00edctor \u00c1lvarez, administrador del Polideportivo Juan S. Mill\u00e1n.<\/p>\n","protected":false},"excerpt":{"rendered":"<p>El torneo se llevar\u00e1 a cabo viernes, s\u00e1bado y domingo en el Polideportivo Juan S. Mill\u00e1n, de 1:00 p. m. a 7:00 p. m. Culiac\u00e1n, Sinaloa, 28 de noviembre de 2025.- Con la participaci\u00f3n de m\u00e1s de 250 pugilistas provenientes de distintos municipios del estado y de Tepic, se inaugur\u00f3 la primera edici\u00f3n del Torneo [&hellip;]<\/p>\n","protected":false},"author":2,"featured_media":61752,"comment_status":"closed","ping_status":"open","sticky":false,"template":"","format":"standard","meta":{"_mi_skip_tracking":false,"footnotes":""},"categories":[16],"tags":[],"class_list":["post-61751","post","type-post","status-publish","format-standard","has-post-thumbnail","hentry","category-accion"],"_links":{"self":[{"href":"https:\/\/www.puntociegoeditorial.com\/web\/wp-json\/wp\/v2\/posts\/61751","targetHints":{"allow":["GET"]}}],"collection":[{"href":"https:\/\/www.puntociegoeditorial.com\/web\/wp-json\/wp\/v2\/posts"}],"about":[{"href":"https:\/\/www.puntociegoeditorial.com\/web\/wp-json\/wp\/v2\/types\/post"}],"author":[{"embeddable":true,"href":"https:\/\/www.puntociegoeditorial.com\/web\/wp-json\/wp\/v2\/users\/2"}],"replies":[{"embeddable":true,"href":"https:\/\/www.puntociegoeditorial.com\/web\/wp-json\/wp\/v2\/comments?post=61751"}],"version-history":[{"count":1,"href":"https:\/\/www.puntociegoeditorial.com\/web\/wp-json\/wp\/v2\/posts\/61751\/revisions"}],"predecessor-version":[{"id":61753,"href":"https:\/\/www.puntociegoeditorial.com\/web\/wp-json\/wp\/v2\/posts\/61751\/revisions\/61753"}],"wp:featuredmedia":[{"embeddable":true,"href":"https:\/\/www.puntociegoeditorial.com\/web\/wp-json\/wp\/v2\/media\/61752"}],"wp:attachment":[{"href":"https:\/\/www.puntociegoeditorial.com\/web\/wp-json\/wp\/v2\/media?parent=61751"}],"wp:term":[{"taxonomy":"category","embeddable":true,"href":"https:\/\/www.puntociegoeditorial.com\/web\/wp-json\/wp\/v2\/categories?post=61751"},{"taxonomy":"post_tag","embeddable":true,"href":"https:\/\/www.puntociegoeditorial.com\/web\/wp-json\/wp\/v2\/tags?post=61751"}],"curies":[{"name":"wp","href":"https:\/\/api.w.org\/{rel}","templated":true}]}}