{"id":62230,"date":"2025-12-15T20:10:43","date_gmt":"2025-12-16T03:10:43","guid":{"rendered":"https:\/\/www.puntociegoeditorial.com\/web\/?p=62230"},"modified":"2025-12-23T16:43:34","modified_gmt":"2025-12-23T23:43:34","slug":"liga-tres-rios-arranca-temporada-en-honor-a-juan-de-dios-gamez-mendivil","status":"publish","type":"post","link":"https:\/\/www.puntociegoeditorial.com\/web\/2025\/12\/15\/liga-tres-rios-arranca-temporada-en-honor-a-juan-de-dios-gamez-mendivil\/","title":{"rendered":"Liga Tres R\u00edos arranca temporada en honor a Juan de Dios G\u00e1mez Mend\u00edvil"},"content":{"rendered":"\n<p>La liga infantil y juvenil inici\u00f3 actividades con una ceremonia que reuni\u00f3 a equipos, familias y autoridades deportivas<\/p>\n\n\n\n<p>Culiac\u00e1n, Sinaloa, 14 de diciembre de 2025.\u2013 La Liga de Beisbol Infantil y Juvenil Tres R\u00edos inaugur\u00f3 oficialmente su temporada, la cual lleva el nombre del alcalde Juan de Dios G\u00e1mez Mend\u00edvil, en reconocimiento al impulso que ha brindado al deporte y a la generaci\u00f3n de espacios adecuados para la pr\u00e1ctica deportiva de ni\u00f1as, ni\u00f1os y j\u00f3venes.<\/p>\n\n\n\n<p>La ceremonia inaugural congreg\u00f3 a cientos de jugadores, familias y directivos, marcando el inicio de una nueva campa\u00f1a en un ambiente de convivencia y entusiasmo beisbolero.<\/p>\n\n\n\n<p>El acto comenz\u00f3 con el desfile de los equipos participantes de las distintas categor\u00edas, seguido de los honores a la bandera y la entonaci\u00f3n del Himno Nacional Mexicano, a cargo de la banda de guerra y escolta de la Escuela Primaria Ricardo Flores Mag\u00f3n.<\/p>\n\n\n\n<p>Durante el evento, Pastora Delgado, presidenta de la Liga Tres R\u00edos, dio el mensaje de bienvenida, en el que felicit\u00f3 a las y los peloteros por formar parte de esta temporada y les dese\u00f3 \u00e9xito en cada uno de sus encuentros.<\/p>\n\n\n\n<p>Posteriormente, la directiva de la liga entreg\u00f3 un reconocimiento al homenajeado, mismo que fue recibido por Iv\u00e1n Esparza Pacheco, coordinador del Departamento de Alto Rendimiento del Instituto Municipal del Deporte y la Cultura F\u00edsica (IMDEC).<\/p>\n\n\n\n<p>En el marco de la ceremonia, se realiz\u00f3 la premiaci\u00f3n a los equipos y a los jugadores m\u00e1s destacados de la temporada anterior, reconociendo su desempe\u00f1o individual y colectivo.<\/p>\n\n\n\n<p>Como presidente de la Regi\u00f3n 3, H\u00e9ctor Loaiza llev\u00f3 a cabo la declaratoria inaugural de la temporada, mientras que Juan Carlos Valle, vicepresidente de la Asociaci\u00f3n Nacional de Ligas Infantiles y Juveniles de Beisbol de la Rep\u00fablica Mexicana, tom\u00f3 la protesta a los jugadores.<\/p>\n\n\n\n<p>La ceremonia concluy\u00f3 con el lanzamiento de la primera bola, a cargo de Iv\u00e1n Esparza, con Carlos Buelna como c\u00e1tcher, H\u00e9ctor Loaiza como bateador y C\u00e9sar C\u00e1rdenas como amp\u00e1yer, marcando formalmente el inicio de la temporada de la Liga Tres R\u00edos.<\/p>\n","protected":false},"excerpt":{"rendered":"<p>La liga infantil y juvenil inici\u00f3 actividades con una ceremonia que reuni\u00f3 a equipos, familias y autoridades deportivas Culiac\u00e1n, Sinaloa, 14 de diciembre de 2025.\u2013 La Liga de Beisbol Infantil y Juvenil Tres R\u00edos inaugur\u00f3 oficialmente su temporada, la cual lleva el nombre del alcalde Juan de Dios G\u00e1mez Mend\u00edvil, en reconocimiento al impulso que [&hellip;]<\/p>\n","protected":false},"author":2,"featured_media":62231,"comment_status":"closed","ping_status":"open","sticky":false,"template":"","format":"standard","meta":{"_mi_skip_tracking":false,"footnotes":""},"categories":[16],"tags":[],"class_list":["post-62230","post","type-post","status-publish","format-standard","has-post-thumbnail","hentry","category-accion"],"_links":{"self":[{"href":"https:\/\/www.puntociegoeditorial.com\/web\/wp-json\/wp\/v2\/posts\/62230","targetHints":{"allow":["GET"]}}],"collection":[{"href":"https:\/\/www.puntociegoeditorial.com\/web\/wp-json\/wp\/v2\/posts"}],"about":[{"href":"https:\/\/www.puntociegoeditorial.com\/web\/wp-json\/wp\/v2\/types\/post"}],"author":[{"embeddable":true,"href":"https:\/\/www.puntociegoeditorial.com\/web\/wp-json\/wp\/v2\/users\/2"}],"replies":[{"embeddable":true,"href":"https:\/\/www.puntociegoeditorial.com\/web\/wp-json\/wp\/v2\/comments?post=62230"}],"version-history":[{"count":1,"href":"https:\/\/www.puntociegoeditorial.com\/web\/wp-json\/wp\/v2\/posts\/62230\/revisions"}],"predecessor-version":[{"id":62232,"href":"https:\/\/www.puntociegoeditorial.com\/web\/wp-json\/wp\/v2\/posts\/62230\/revisions\/62232"}],"wp:featuredmedia":[{"embeddable":true,"href":"https:\/\/www.puntociegoeditorial.com\/web\/wp-json\/wp\/v2\/media\/62231"}],"wp:attachment":[{"href":"https:\/\/www.puntociegoeditorial.com\/web\/wp-json\/wp\/v2\/media?parent=62230"}],"wp:term":[{"taxonomy":"category","embeddable":true,"href":"https:\/\/www.puntociegoeditorial.com\/web\/wp-json\/wp\/v2\/categories?post=62230"},{"taxonomy":"post_tag","embeddable":true,"href":"https:\/\/www.puntociegoeditorial.com\/web\/wp-json\/wp\/v2\/tags?post=62230"}],"curies":[{"name":"wp","href":"https:\/\/api.w.org\/{rel}","templated":true}]}}