{"id":62752,"date":"2026-01-14T16:31:21","date_gmt":"2026-01-14T23:31:21","guid":{"rendered":"https:\/\/www.puntociegoeditorial.com\/web\/?p=62752"},"modified":"2026-01-16T20:56:57","modified_gmt":"2026-01-17T03:56:57","slug":"accion-inmediata-de-policias-de-la-sspytm-deriva-en-detencion-de-dos-mujeres-por-robo-a-comercio-en-zona-centro","status":"publish","type":"post","link":"https:\/\/www.puntociegoeditorial.com\/web\/2026\/01\/14\/accion-inmediata-de-policias-de-la-sspytm-deriva-en-detencion-de-dos-mujeres-por-robo-a-comercio-en-zona-centro\/","title":{"rendered":"Acci\u00f3n inmediata de polic\u00edas de la SSPyTM deriva en detenci\u00f3n de dos mujeres por robo a comercio en zona centro"},"content":{"rendered":"\n<p>La intervenci\u00f3n oportuna permiti\u00f3 asegurar a las presuntas responsables y recuperar mercanc\u00eda.<\/p>\n\n\n\n<p>Culiac\u00e1n, Sinaloa, a 14 de enero de 2026. \u2013 Tras reporte, elementos de la Unidad Preventiva de la Secretar\u00eda de Seguridad P\u00fablica y Tr\u00e1nsito Municipal detuvieron a dos mujeres identificadas como Mar\u00eda de los \u00c1ngeles N., de 57 a\u00f1os, y Karla N., de 40 a\u00f1os, por su presunta participaci\u00f3n en el delito de robo a comercio.<\/p>\n\n\n\n<p>La detenci\u00f3n se registr\u00f3 tras el ingreso de ambas a una boutique ubicada en la colonia Centro de la capital sinaloense, donde presuntamente sustrajeron diversas prendas de vestir que se encontraban en exhibici\u00f3n.<\/p>\n\n\n\n<p>Derivado de estos hechos, las personas aseguradas, as\u00ed como la mercanc\u00eda recuperada, fueron puestas a disposici\u00f3n de la autoridad competente, quien ser\u00e1 la encargada de realizar las investigaciones correspondientes y determinar su situaci\u00f3n jur\u00eddica conforme a derecho.<\/p>\n\n\n\n<p>La SSPyTM mantiene operativos permanentes de vigilancia para inhibir conductas antisociales y proteger el patrimonio de la ciudadan\u00eda.<\/p>\n","protected":false},"excerpt":{"rendered":"<p>La intervenci\u00f3n oportuna permiti\u00f3 asegurar a las presuntas responsables y recuperar mercanc\u00eda. Culiac\u00e1n, Sinaloa, a 14 de enero de 2026. \u2013 Tras reporte, elementos de la Unidad Preventiva de la Secretar\u00eda de Seguridad P\u00fablica y Tr\u00e1nsito Municipal detuvieron a dos mujeres identificadas como Mar\u00eda de los \u00c1ngeles N., de 57 a\u00f1os, y Karla N., de [&hellip;]<\/p>\n","protected":false},"author":2,"featured_media":62753,"comment_status":"closed","ping_status":"open","sticky":false,"template":"","format":"standard","meta":{"_mi_skip_tracking":false,"footnotes":""},"categories":[12],"tags":[],"class_list":["post-62752","post","type-post","status-publish","format-standard","has-post-thumbnail","hentry","category-ciudad"],"_links":{"self":[{"href":"https:\/\/www.puntociegoeditorial.com\/web\/wp-json\/wp\/v2\/posts\/62752","targetHints":{"allow":["GET"]}}],"collection":[{"href":"https:\/\/www.puntociegoeditorial.com\/web\/wp-json\/wp\/v2\/posts"}],"about":[{"href":"https:\/\/www.puntociegoeditorial.com\/web\/wp-json\/wp\/v2\/types\/post"}],"author":[{"embeddable":true,"href":"https:\/\/www.puntociegoeditorial.com\/web\/wp-json\/wp\/v2\/users\/2"}],"replies":[{"embeddable":true,"href":"https:\/\/www.puntociegoeditorial.com\/web\/wp-json\/wp\/v2\/comments?post=62752"}],"version-history":[{"count":1,"href":"https:\/\/www.puntociegoeditorial.com\/web\/wp-json\/wp\/v2\/posts\/62752\/revisions"}],"predecessor-version":[{"id":62754,"href":"https:\/\/www.puntociegoeditorial.com\/web\/wp-json\/wp\/v2\/posts\/62752\/revisions\/62754"}],"wp:featuredmedia":[{"embeddable":true,"href":"https:\/\/www.puntociegoeditorial.com\/web\/wp-json\/wp\/v2\/media\/62753"}],"wp:attachment":[{"href":"https:\/\/www.puntociegoeditorial.com\/web\/wp-json\/wp\/v2\/media?parent=62752"}],"wp:term":[{"taxonomy":"category","embeddable":true,"href":"https:\/\/www.puntociegoeditorial.com\/web\/wp-json\/wp\/v2\/categories?post=62752"},{"taxonomy":"post_tag","embeddable":true,"href":"https:\/\/www.puntociegoeditorial.com\/web\/wp-json\/wp\/v2\/tags?post=62752"}],"curies":[{"name":"wp","href":"https:\/\/api.w.org\/{rel}","templated":true}]}}