{"id":64030,"date":"2026-03-01T09:07:38","date_gmt":"2026-03-01T16:07:38","guid":{"rendered":"https:\/\/www.puntociegoeditorial.com\/web\/?p=64030"},"modified":"2026-03-05T09:42:36","modified_gmt":"2026-03-05T16:42:36","slug":"hospital-regional-de-especialidades-iniciado-por-claudia-sheinbaum-traera-beneficios-historicos-a-culiacan-juan-de-dios-gamez","status":"publish","type":"post","link":"https:\/\/www.puntociegoeditorial.com\/web\/2026\/03\/01\/hospital-regional-de-especialidades-iniciado-por-claudia-sheinbaum-traera-beneficios-historicos-a-culiacan-juan-de-dios-gamez\/","title":{"rendered":"Hospital Regional de Especialidades iniciado por Claudia Sheinbaum traer\u00e1 beneficios hist\u00f3ricos a Culiac\u00e1n: Juan de Dios G\u00e1mez"},"content":{"rendered":"\n<p><em>El alcalde destac\u00f3 la inversi\u00f3n, la generaci\u00f3n de m\u00e1s de mil empleos y el impacto social de esta cl\u00ednica de especialidades<\/em><\/p>\n\n\n\n<p>Culiac\u00e1n, Sinaloa; a 28 de febrero de 2026.\u2013 El arranque de la construcci\u00f3n del Hospital Regional de Especialidades por parte de la presidenta Claudia Sheinbaum Pardo representa un parteaguas para Culiac\u00e1n, tanto en el fortalecimiento del sistema de salud como en el desarrollo econ\u00f3mico de la ciudad, subray\u00f3 el presidente municipal Juan de Dios G\u00e1mez Mend\u00edvil, tras la colocaci\u00f3n de la primera piedra de esta importante obra.<\/p>\n\n\n\n<p>Al participar en el acto de inicio de este nuevo hospital, el alcalde agradeci\u00f3 el respaldo permanente del Gobierno de M\u00e9xico y resalt\u00f3 que los beneficios de este hospital se reflejar\u00e1n directamente en la calidad de vida de las y los culiacanenses.<\/p>\n\n\n\n<p>\u201cDarle las gracias a la presidenta por su respaldo en todo momento a la gente de Culiac\u00e1n; los hechos y los testimonios hablan de que as\u00ed es. El evento del d\u00eda de hoy, un hospital de esta naturaleza en beneficio de la gente de Culiac\u00e1n, va a generar grandes beneficios en el tema de la salud, pero tambi\u00e9n en el tema de empleos; van a ser m\u00e1s de mil empleos, la inversi\u00f3n y la derrama econ\u00f3mica\u201d, expres\u00f3.<\/p>\n\n\n\n<p>G\u00e1mez Mend\u00edvil destac\u00f3 que la visita de la presidenta de la Rep\u00fablica, Claudia Sheinbaum Pardo, marca una nueva etapa para el desarrollo del municipio y del estado, al traducirse en acciones concretas que atienden necesidades prioritarias.<\/p>\n\n\n\n<p>\u201cRepresenta algo nuevo, deriva en cosas positivas, de cara a atender los retos y los desaf\u00edos, pero tambi\u00e9n al desarrollo de las comunidades. Es importante y valoramos que se d\u00e9 tiempo en su agenda a nivel nacional para estar con nosotros\u201d, a\u00f1adi\u00f3 el edil.<\/p>\n\n\n\n<p>El arranque de esta obra fue encabezado por la presidenta Claudia Sheinbaum Pardo, acompa\u00f1ada por el gobernador del estado, Rub\u00e9n Rocha Moya, as\u00ed como por autoridades federales y estatales.<\/p>\n\n\n\n<p>Sobre las caracter\u00edsticas del hospital, el director general del Instituto Mexicano del Seguro Social, Zo\u00e9 Robledo Aburto, inform\u00f3 que contar\u00e1 con 400 camas, 12 quir\u00f3fanos, equipo de alta tecnolog\u00eda, 48 especialidades m\u00e9dicas, Cl\u00ednica del dolor, unidad de cuidados intensivos, imagenologia, farmacia, y un helipuerto para la atenci\u00f3n de emergencias con pacientes de c\u00f3digo infarto, infraestructura que beneficiar\u00e1 a miles de sinaloenses.<\/p>\n\n\n\n<p>La construcci\u00f3n estar\u00e1 a cargo de ingenieros militares de la Secretar\u00eda de la Defensa Nacional, consolidando una obra estrat\u00e9gica que fortalecer\u00e1 el sistema de salud y el desarrollo regional.<\/p>\n","protected":false},"excerpt":{"rendered":"<p>El alcalde destac\u00f3 la inversi\u00f3n, la generaci\u00f3n de m\u00e1s de mil empleos y el impacto social de esta cl\u00ednica de especialidades Culiac\u00e1n, Sinaloa; a 28 de febrero de 2026.\u2013 El arranque de la construcci\u00f3n del Hospital Regional de Especialidades por parte de la presidenta Claudia Sheinbaum Pardo representa un parteaguas para Culiac\u00e1n, tanto en el [&hellip;]<\/p>\n","protected":false},"author":2,"featured_media":64031,"comment_status":"closed","ping_status":"open","sticky":false,"template":"","format":"standard","meta":{"_mi_skip_tracking":false,"footnotes":""},"categories":[13],"tags":[],"class_list":["post-64030","post","type-post","status-publish","format-standard","has-post-thumbnail","hentry","category-sinaloa"],"_links":{"self":[{"href":"https:\/\/www.puntociegoeditorial.com\/web\/wp-json\/wp\/v2\/posts\/64030","targetHints":{"allow":["GET"]}}],"collection":[{"href":"https:\/\/www.puntociegoeditorial.com\/web\/wp-json\/wp\/v2\/posts"}],"about":[{"href":"https:\/\/www.puntociegoeditorial.com\/web\/wp-json\/wp\/v2\/types\/post"}],"author":[{"embeddable":true,"href":"https:\/\/www.puntociegoeditorial.com\/web\/wp-json\/wp\/v2\/users\/2"}],"replies":[{"embeddable":true,"href":"https:\/\/www.puntociegoeditorial.com\/web\/wp-json\/wp\/v2\/comments?post=64030"}],"version-history":[{"count":1,"href":"https:\/\/www.puntociegoeditorial.com\/web\/wp-json\/wp\/v2\/posts\/64030\/revisions"}],"predecessor-version":[{"id":64032,"href":"https:\/\/www.puntociegoeditorial.com\/web\/wp-json\/wp\/v2\/posts\/64030\/revisions\/64032"}],"wp:featuredmedia":[{"embeddable":true,"href":"https:\/\/www.puntociegoeditorial.com\/web\/wp-json\/wp\/v2\/media\/64031"}],"wp:attachment":[{"href":"https:\/\/www.puntociegoeditorial.com\/web\/wp-json\/wp\/v2\/media?parent=64030"}],"wp:term":[{"taxonomy":"category","embeddable":true,"href":"https:\/\/www.puntociegoeditorial.com\/web\/wp-json\/wp\/v2\/categories?post=64030"},{"taxonomy":"post_tag","embeddable":true,"href":"https:\/\/www.puntociegoeditorial.com\/web\/wp-json\/wp\/v2\/tags?post=64030"}],"curies":[{"name":"wp","href":"https:\/\/api.w.org\/{rel}","templated":true}]}}