{"id":64039,"date":"2026-03-01T09:13:00","date_gmt":"2026-03-01T16:13:00","guid":{"rendered":"https:\/\/www.puntociegoeditorial.com\/web\/?p=64039"},"modified":"2026-03-05T09:42:52","modified_gmt":"2026-03-05T16:42:52","slug":"zoe-robledo-remarca-que-en-seis-decadas-de-gobiernos-neoliberales-solo-se-adicionaron-160-camas-a-las-habidas-en-hospitales-del-imss","status":"publish","type":"post","link":"https:\/\/www.puntociegoeditorial.com\/web\/2026\/03\/01\/zoe-robledo-remarca-que-en-seis-decadas-de-gobiernos-neoliberales-solo-se-adicionaron-160-camas-a-las-habidas-en-hospitales-del-imss\/","title":{"rendered":"Zo\u00e9 Robledo remarca que, en seis d\u00e9cadas de gobiernos neoliberales, solo se adicionaron 160 camas a las habidas en hospitales del IMSS."},"content":{"rendered":"\n<p>Culiac\u00e1n; 28 de febrero de 2026. Z\u00f3e Robledo, director nacional del Instituto Mexicano del Seguro Social, a nivel nacional, remarc\u00f3 que, en seis d\u00e9cadas de gobiernos neoliberales, solo se adicionaron 160 camas a las habidas en hospitales del IMSS.<\/p>\n\n\n\n<p>El funcionario espec\u00edfico que el nuevo Hospital de Especialidades de esta ciudad capital, tendr\u00e1, en oposici\u00f3n a ello, 460 camas esto para afrontar las problem\u00e1ticas de salud que tiene Culiac\u00e1n y la zona centro de Sinaloa.<\/p>\n\n\n\n<p>Dos mil 540 trabajadores har\u00e1n frente a las acciones a realizar diariamente en el nuevo nosocomio; va a ser construido por militares, con 71 mil metros cuadrados, donados por el Gobierno del Estado. Igualmente, Robledo se refiri\u00f3 al deporte como primordial para el IMSS y remarc\u00f3 la importancia de las grandes figuras del Rey de los Deportes; incluso el funcionario, tra\u00eda puesta una chamarra de Tomateros de Culiac\u00e1n.<\/p>\n\n\n\n<p>\u00bb En Sinaloa y en todo M\u00e9xico, el IMSS debe de seguir creciendo\u00bb, dijo el funcionario federal.<\/p>\n","protected":false},"excerpt":{"rendered":"<p>Culiac\u00e1n; 28 de febrero de 2026. Z\u00f3e Robledo, director nacional del Instituto Mexicano del Seguro Social, a nivel nacional, remarc\u00f3 que, en seis d\u00e9cadas de gobiernos neoliberales, solo se adicionaron 160 camas a las habidas en hospitales del IMSS. El funcionario espec\u00edfico que el nuevo Hospital de Especialidades de esta ciudad capital, tendr\u00e1, en oposici\u00f3n [&hellip;]<\/p>\n","protected":false},"author":2,"featured_media":64040,"comment_status":"closed","ping_status":"open","sticky":false,"template":"","format":"standard","meta":{"_mi_skip_tracking":false,"footnotes":""},"categories":[13],"tags":[],"class_list":["post-64039","post","type-post","status-publish","format-standard","has-post-thumbnail","hentry","category-sinaloa"],"_links":{"self":[{"href":"https:\/\/www.puntociegoeditorial.com\/web\/wp-json\/wp\/v2\/posts\/64039","targetHints":{"allow":["GET"]}}],"collection":[{"href":"https:\/\/www.puntociegoeditorial.com\/web\/wp-json\/wp\/v2\/posts"}],"about":[{"href":"https:\/\/www.puntociegoeditorial.com\/web\/wp-json\/wp\/v2\/types\/post"}],"author":[{"embeddable":true,"href":"https:\/\/www.puntociegoeditorial.com\/web\/wp-json\/wp\/v2\/users\/2"}],"replies":[{"embeddable":true,"href":"https:\/\/www.puntociegoeditorial.com\/web\/wp-json\/wp\/v2\/comments?post=64039"}],"version-history":[{"count":1,"href":"https:\/\/www.puntociegoeditorial.com\/web\/wp-json\/wp\/v2\/posts\/64039\/revisions"}],"predecessor-version":[{"id":64041,"href":"https:\/\/www.puntociegoeditorial.com\/web\/wp-json\/wp\/v2\/posts\/64039\/revisions\/64041"}],"wp:featuredmedia":[{"embeddable":true,"href":"https:\/\/www.puntociegoeditorial.com\/web\/wp-json\/wp\/v2\/media\/64040"}],"wp:attachment":[{"href":"https:\/\/www.puntociegoeditorial.com\/web\/wp-json\/wp\/v2\/media?parent=64039"}],"wp:term":[{"taxonomy":"category","embeddable":true,"href":"https:\/\/www.puntociegoeditorial.com\/web\/wp-json\/wp\/v2\/categories?post=64039"},{"taxonomy":"post_tag","embeddable":true,"href":"https:\/\/www.puntociegoeditorial.com\/web\/wp-json\/wp\/v2\/tags?post=64039"}],"curies":[{"name":"wp","href":"https:\/\/api.w.org\/{rel}","templated":true}]}}