{"id":64043,"date":"2026-03-02T12:15:50","date_gmt":"2026-03-02T19:15:50","guid":{"rendered":"https:\/\/www.puntociegoeditorial.com\/web\/?p=64043"},"modified":"2026-03-05T09:44:03","modified_gmt":"2026-03-05T16:44:03","slug":"agendalo-es-este-miercoles-dif-bienestar-culiacan-invita-a-funcion-de-circo-gratuita-por-el-dia-de-la-familia","status":"publish","type":"post","link":"https:\/\/www.puntociegoeditorial.com\/web\/2026\/03\/02\/agendalo-es-este-miercoles-dif-bienestar-culiacan-invita-a-funcion-de-circo-gratuita-por-el-dia-de-la-familia\/","title":{"rendered":"\u00a1Ag\u00e9ndalo, es este mi\u00e9rcoles! DIF Bienestar Culiac\u00e1n invita a funci\u00f3n de circo gratuita por el D\u00eda de la Familia"},"content":{"rendered":"\n<p>Culiac\u00e1n, Sinaloa, 2 de marzo de 2026.- Con el prop\u00f3sito de fortalecer la integraci\u00f3n familiar y promover espacios de sana convivencia, el Sistema DIF Bienestar Culiac\u00e1n, presidido por la Ing. Irma Nidya Gasca Aldama, invita a las familias del municipio a disfrutar de una funci\u00f3n de circo gratuita en el marco de la conmemoraci\u00f3n del D\u00eda de la Familia.<\/p>\n\n\n\n<p>Esta actividad busca brindar a ni\u00f1as, ni\u00f1os y adultos un momento de recreaci\u00f3n y esparcimiento, fomentando la uni\u00f3n, los valores y la convivencia en un ambiente seguro, accesible y pensado especialmente para las familias culiacanenses.<\/p>\n\n\n\n<p>La funci\u00f3n se llevar\u00e1 a cabo el pr\u00f3ximo 4 de marzo a las 17:30 horas en el Circo \u201cSue\u00f1o de princesas y guerreras K Pop\u201d, ubicado frente a Ley Palmito.<\/p>\n\n\n\n<p>Para ingresar, las y los asistentes \u00fanicamente deber\u00e1n presentar la captura de pantalla del flyer oficial del evento.<\/p>\n\n\n\n<p>Con este tipo de iniciativas, el Sistema DIF Bienestar Culiac\u00e1n reafirma su compromiso de impulsar acciones que contribuyan al bienestar integral de las familias del municipio, generando espacios que fortalezcan la armon\u00eda y el tejido social.<\/p>\n\n\n\n<p>La invitaci\u00f3n est\u00e1 abierta a toda la ciudadan\u00eda para sumarse y celebrar juntos el D\u00eda de la Familia.<\/p>\n","protected":false},"excerpt":{"rendered":"<p>Culiac\u00e1n, Sinaloa, 2 de marzo de 2026.- Con el prop\u00f3sito de fortalecer la integraci\u00f3n familiar y promover espacios de sana convivencia, el Sistema DIF Bienestar Culiac\u00e1n, presidido por la Ing. Irma Nidya Gasca Aldama, invita a las familias del municipio a disfrutar de una funci\u00f3n de circo gratuita en el marco de la conmemoraci\u00f3n del [&hellip;]<\/p>\n","protected":false},"author":2,"featured_media":64044,"comment_status":"closed","ping_status":"open","sticky":false,"template":"","format":"standard","meta":{"_mi_skip_tracking":false,"footnotes":""},"categories":[12],"tags":[],"class_list":["post-64043","post","type-post","status-publish","format-standard","has-post-thumbnail","hentry","category-ciudad"],"_links":{"self":[{"href":"https:\/\/www.puntociegoeditorial.com\/web\/wp-json\/wp\/v2\/posts\/64043","targetHints":{"allow":["GET"]}}],"collection":[{"href":"https:\/\/www.puntociegoeditorial.com\/web\/wp-json\/wp\/v2\/posts"}],"about":[{"href":"https:\/\/www.puntociegoeditorial.com\/web\/wp-json\/wp\/v2\/types\/post"}],"author":[{"embeddable":true,"href":"https:\/\/www.puntociegoeditorial.com\/web\/wp-json\/wp\/v2\/users\/2"}],"replies":[{"embeddable":true,"href":"https:\/\/www.puntociegoeditorial.com\/web\/wp-json\/wp\/v2\/comments?post=64043"}],"version-history":[{"count":1,"href":"https:\/\/www.puntociegoeditorial.com\/web\/wp-json\/wp\/v2\/posts\/64043\/revisions"}],"predecessor-version":[{"id":64045,"href":"https:\/\/www.puntociegoeditorial.com\/web\/wp-json\/wp\/v2\/posts\/64043\/revisions\/64045"}],"wp:featuredmedia":[{"embeddable":true,"href":"https:\/\/www.puntociegoeditorial.com\/web\/wp-json\/wp\/v2\/media\/64044"}],"wp:attachment":[{"href":"https:\/\/www.puntociegoeditorial.com\/web\/wp-json\/wp\/v2\/media?parent=64043"}],"wp:term":[{"taxonomy":"category","embeddable":true,"href":"https:\/\/www.puntociegoeditorial.com\/web\/wp-json\/wp\/v2\/categories?post=64043"},{"taxonomy":"post_tag","embeddable":true,"href":"https:\/\/www.puntociegoeditorial.com\/web\/wp-json\/wp\/v2\/tags?post=64043"}],"curies":[{"name":"wp","href":"https:\/\/api.w.org\/{rel}","templated":true}]}}