{"id":65699,"date":"2026-04-25T10:58:22","date_gmt":"2026-04-25T17:58:22","guid":{"rendered":"https:\/\/www.puntociegoeditorial.com\/web\/?p=65699"},"modified":"2026-04-25T10:58:22","modified_gmt":"2026-04-25T17:58:22","slug":"llegaron-los-primeros-oros-para-las-aguilas-uas-en-anuies-2026","status":"publish","type":"post","link":"https:\/\/www.puntociegoeditorial.com\/web\/2026\/04\/25\/llegaron-los-primeros-oros-para-las-aguilas-uas-en-anuies-2026\/","title":{"rendered":"LLEGARON LOS PRIMEROS OROS PARA LAS \u00c1GUILAS UAS EN ANUIES 2026"},"content":{"rendered":"\n<p>Chepe Zazueta<\/p>\n\n\n\n<p>Ciudad de M\u00e9xico.- Sofia Ocegueda, Zeltsin Hern\u00e1ndez, Edna Jimenez, David Morales, Osvaldo Ya\u00f1ez y Rodrigo Falc\u00f3n. Le dieron a las \u00c1guilas UAS las primeras seis medallas de oro. Esto en la lucha universitaria de los Nacionales ANUIES 2026 en el front\u00f3n cerrado de la UNAM.<\/p>\n\n\n\n<p>La cosecha de medallas de oro del equipo comandado por Mervyn Leyva y Orestes Morales, la inici\u00f3, Sofia Ocegueda, (FEFYDE), en la divisi\u00f3n de 53 kilos.<\/p>\n\n\n\n<p>Luego la medallista mundial, Zeltsin Hern\u00e1ndez, estudiante de derecho en los 57 kilos.<br>Edna Jimenez, (derecho) en los 76 kilos tambi\u00e9n gan\u00f3 medalla de oro.<\/p>\n\n\n\n<p>El sinaloense, David Morales, de Navolato, Sinaloa, debut\u00f3 en el nacional universitario ANUIES con medalla de oro en la divisi\u00f3n 130 kilos. Un oro que emocion\u00f3 hasta las lagrimas a su t\u00edo y entrenador Orestes Morales.<\/p>\n\n\n\n<p>Rodrigo Falc\u00f3n, de idiomas en los 60 kilos gan\u00f3 tambi\u00e9n presea aurea y finalmente Osvaldo Ya\u00f1ez Silva, de la FEFYDE gan\u00f3 medalla de oro en los 67 kilos.<\/p>\n\n\n\n<p>TAMBI\u00c9N HUBO DE PLATA Y BRONCES<\/p>\n\n\n\n<p>Emanuel Josafat Soto, de la FCA, medalla de plata en los 70 kilos.<\/p>\n\n\n\n<p>M\u00e1s 4 medallas de bronce: Victoria Rojas, de la carrera de psicolog\u00eda en los 62 kilos. C\u00e9sar Veliz, de la FEFyDE en los 87 kilos. Alan P\u00e9rez, en los 92 kilos de la fefyde y Valeria P\u00e9rez, tambi\u00e9n de la FEFyDE, en la divisi\u00f3n de los 62 kilos.<\/p>\n\n\n\n<p>Las \u00c1guilas UAS, en el primer d\u00eda de Nacionales ANUIES 2026, gana sus primeras 12 medallas. 11 en luchas y una en Tiro con Arco compuesto por equipos.<\/p>\n","protected":false},"excerpt":{"rendered":"<p>Chepe Zazueta Ciudad de M\u00e9xico.- Sofia Ocegueda, Zeltsin Hern\u00e1ndez, Edna Jimenez, David Morales, Osvaldo Ya\u00f1ez y Rodrigo Falc\u00f3n. Le dieron a las \u00c1guilas UAS las primeras seis medallas de oro. Esto en la lucha universitaria de los Nacionales ANUIES 2026 en el front\u00f3n cerrado de la UNAM. La cosecha de medallas de oro del equipo [&hellip;]<\/p>\n","protected":false},"author":2,"featured_media":65700,"comment_status":"closed","ping_status":"open","sticky":false,"template":"","format":"standard","meta":{"_mi_skip_tracking":false,"footnotes":""},"categories":[16],"tags":[],"class_list":["post-65699","post","type-post","status-publish","format-standard","has-post-thumbnail","hentry","category-accion"],"_links":{"self":[{"href":"https:\/\/www.puntociegoeditorial.com\/web\/wp-json\/wp\/v2\/posts\/65699","targetHints":{"allow":["GET"]}}],"collection":[{"href":"https:\/\/www.puntociegoeditorial.com\/web\/wp-json\/wp\/v2\/posts"}],"about":[{"href":"https:\/\/www.puntociegoeditorial.com\/web\/wp-json\/wp\/v2\/types\/post"}],"author":[{"embeddable":true,"href":"https:\/\/www.puntociegoeditorial.com\/web\/wp-json\/wp\/v2\/users\/2"}],"replies":[{"embeddable":true,"href":"https:\/\/www.puntociegoeditorial.com\/web\/wp-json\/wp\/v2\/comments?post=65699"}],"version-history":[{"count":1,"href":"https:\/\/www.puntociegoeditorial.com\/web\/wp-json\/wp\/v2\/posts\/65699\/revisions"}],"predecessor-version":[{"id":65701,"href":"https:\/\/www.puntociegoeditorial.com\/web\/wp-json\/wp\/v2\/posts\/65699\/revisions\/65701"}],"wp:featuredmedia":[{"embeddable":true,"href":"https:\/\/www.puntociegoeditorial.com\/web\/wp-json\/wp\/v2\/media\/65700"}],"wp:attachment":[{"href":"https:\/\/www.puntociegoeditorial.com\/web\/wp-json\/wp\/v2\/media?parent=65699"}],"wp:term":[{"taxonomy":"category","embeddable":true,"href":"https:\/\/www.puntociegoeditorial.com\/web\/wp-json\/wp\/v2\/categories?post=65699"},{"taxonomy":"post_tag","embeddable":true,"href":"https:\/\/www.puntociegoeditorial.com\/web\/wp-json\/wp\/v2\/tags?post=65699"}],"curies":[{"name":"wp","href":"https:\/\/api.w.org\/{rel}","templated":true}]}}