{"id":65708,"date":"2026-04-25T11:01:37","date_gmt":"2026-04-25T18:01:37","guid":{"rendered":"https:\/\/www.puntociegoeditorial.com\/web\/?p=65708"},"modified":"2026-04-25T11:01:37","modified_gmt":"2026-04-25T18:01:37","slug":"dif-bienestar-culiacan-fortalece-la-atencion-comunitaria-con-brigada-de-la-salud-en-el-carrizalejo","status":"publish","type":"post","link":"https:\/\/www.puntociegoeditorial.com\/web\/2026\/04\/25\/dif-bienestar-culiacan-fortalece-la-atencion-comunitaria-con-brigada-de-la-salud-en-el-carrizalejo\/","title":{"rendered":"DIF Bienestar Culiac\u00e1n fortalece la atenci\u00f3n comunitaria con Brigada de la Salud en El Carrizalejo"},"content":{"rendered":"\n<p>Se otorgaron m\u00e1s de 300 servicios gratuitos y m\u00e1s de 280 apoyos alimentarios<\/p>\n\n\n\n<p>Culiac\u00e1n, Sinaloa, a 24 de abril de 2026.- En cumplimiento del compromiso de acercar servicios integrales y fortalecer el bienestar de las familias, el Sistema DIF Bienestar Culiac\u00e1n llev\u00f3 a cabo una Brigada de la Salud en la comunidad de El Carrizalejo, beneficiando a habitantes de esta localidad y zonas aleda\u00f1as.<\/p>\n\n\n\n<p>Durante la jornada, se brindaron m\u00e1s de 300 servicios gratuitos en \u00e1reas como medicina general, enfermer\u00eda, nutrici\u00f3n, psicolog\u00eda, optometr\u00eda, atenci\u00f3n de Procuradur\u00eda, consulta dental, corte de cabello, manualidades y gesti\u00f3n social, ofreciendo atenci\u00f3n integral a la poblaci\u00f3n.<\/p>\n\n\n\n<p>De manera complementaria, se cont\u00f3 con la participaci\u00f3n de diversas dependencias e instituciones, entre ellas el Instituto Municipal del Deporte y la Cultura F\u00edsica (IMDEC), el m\u00f3dulo de gesti\u00f3n de servicios p\u00fablicos y el Instituto Mexicano del Seguro Social (IMSS), que contribuy\u00f3 con la aplicaci\u00f3n de vacunas contra el sarampi\u00f3n, reforzando las acciones de prevenci\u00f3n en salud.<\/p>\n\n\n\n<p>En el evento, la comisaria de El Carrizalejo, Mirna Guadalupe, dio la bienvenida y expres\u00f3 su reconocimiento por la atenci\u00f3n brindada a la comunidad y a localidades cercanas, destacando la disposici\u00f3n y compromiso del equipo de trabajo.<\/p>\n\n\n\n<p>Por su parte, la presidenta del Sistema DIF Bienestar Culiac\u00e1n, la Ing. Irma Nidya Gasca Aldama, subray\u00f3 la importancia de acercar este tipo de jornadas a la ciudadan\u00eda, resaltando la coordinaci\u00f3n interinstitucional que permite ampliar la cobertura de los servicios y atender de manera directa a las familias.<\/p>\n\n\n\n<p>\u201cEs un gusto estar aqu\u00ed con todas las familias de El Carrizalejo y sus alrededores, acercando esta jornada con diversos servicios para su bienestar. Agradecemos a la Secretar\u00eda de Salud, al IMSS y a todas las dependencias que se suman a estas acciones en beneficio de la poblaci\u00f3n\u201d, expres\u00f3.<\/p>\n\n\n\n<p>Asimismo, reconoci\u00f3 el trabajo del equipo del Ayuntamiento, JAPAC, IMDEC y Salud Municipal, as\u00ed como del personal del Sistema DIF, quienes hacen posible que la ciudadan\u00eda acceda a servicios como atenci\u00f3n psicol\u00f3gica, odontol\u00f3gica, m\u00e9dica, de enfermer\u00eda y actividades comunitarias.<\/p>\n\n\n\n<p>En el marco de esta brigada, se realiz\u00f3 la entrega de apoyos funcionales y asistenciales, consistentes en sillas de ruedas, andaderas y bastones, as\u00ed como la distribuci\u00f3n de m\u00e1s de 280 despensas, en beneficio de personas en situaci\u00f3n vulnerable.<\/p>\n\n\n\n<p>Con estas acciones, el Sistema DIF Bienestar Culiac\u00e1n contin\u00faa fortaleciendo su labor institucional mediante programas y estrategias que promueven el bienestar y la atenci\u00f3n integral de las familias.<\/p>\n","protected":false},"excerpt":{"rendered":"<p>Se otorgaron m\u00e1s de 300 servicios gratuitos y m\u00e1s de 280 apoyos alimentarios Culiac\u00e1n, Sinaloa, a 24 de abril de 2026.- En cumplimiento del compromiso de acercar servicios integrales y fortalecer el bienestar de las familias, el Sistema DIF Bienestar Culiac\u00e1n llev\u00f3 a cabo una Brigada de la Salud en la comunidad de El Carrizalejo, [&hellip;]<\/p>\n","protected":false},"author":2,"featured_media":65709,"comment_status":"closed","ping_status":"open","sticky":false,"template":"","format":"standard","meta":{"_mi_skip_tracking":false,"footnotes":""},"categories":[12],"tags":[],"class_list":["post-65708","post","type-post","status-publish","format-standard","has-post-thumbnail","hentry","category-ciudad"],"_links":{"self":[{"href":"https:\/\/www.puntociegoeditorial.com\/web\/wp-json\/wp\/v2\/posts\/65708","targetHints":{"allow":["GET"]}}],"collection":[{"href":"https:\/\/www.puntociegoeditorial.com\/web\/wp-json\/wp\/v2\/posts"}],"about":[{"href":"https:\/\/www.puntociegoeditorial.com\/web\/wp-json\/wp\/v2\/types\/post"}],"author":[{"embeddable":true,"href":"https:\/\/www.puntociegoeditorial.com\/web\/wp-json\/wp\/v2\/users\/2"}],"replies":[{"embeddable":true,"href":"https:\/\/www.puntociegoeditorial.com\/web\/wp-json\/wp\/v2\/comments?post=65708"}],"version-history":[{"count":1,"href":"https:\/\/www.puntociegoeditorial.com\/web\/wp-json\/wp\/v2\/posts\/65708\/revisions"}],"predecessor-version":[{"id":65710,"href":"https:\/\/www.puntociegoeditorial.com\/web\/wp-json\/wp\/v2\/posts\/65708\/revisions\/65710"}],"wp:featuredmedia":[{"embeddable":true,"href":"https:\/\/www.puntociegoeditorial.com\/web\/wp-json\/wp\/v2\/media\/65709"}],"wp:attachment":[{"href":"https:\/\/www.puntociegoeditorial.com\/web\/wp-json\/wp\/v2\/media?parent=65708"}],"wp:term":[{"taxonomy":"category","embeddable":true,"href":"https:\/\/www.puntociegoeditorial.com\/web\/wp-json\/wp\/v2\/categories?post=65708"},{"taxonomy":"post_tag","embeddable":true,"href":"https:\/\/www.puntociegoeditorial.com\/web\/wp-json\/wp\/v2\/tags?post=65708"}],"curies":[{"name":"wp","href":"https:\/\/api.w.org\/{rel}","templated":true}]}}