{"id":65728,"date":"2026-04-27T19:42:25","date_gmt":"2026-04-28T02:42:25","guid":{"rendered":"https:\/\/www.puntociegoeditorial.com\/web\/?p=65728"},"modified":"2026-04-27T19:42:25","modified_gmt":"2026-04-28T02:42:25","slug":"sinaloa-alcanza-85-de-cobertura-en-jornada-de-vacunacion","status":"publish","type":"post","link":"https:\/\/www.puntociegoeditorial.com\/web\/2026\/04\/27\/sinaloa-alcanza-85-de-cobertura-en-jornada-de-vacunacion\/","title":{"rendered":"Sinaloa alcanza 85% de cobertura en jornada de vacunaci\u00f3n"},"content":{"rendered":"\n<p>Culiac\u00e1n, Sinaloa, 27 de abril de 2026.- Este s\u00e1bado dio inicio la Semana Nacional de Vacunaci\u00f3n, la cual se estar\u00e1 llevando a cabo hasta el pr\u00f3ximo 2 de mayo. El objetivo de esta jornada es inmunizar a 40 mil personas, priorizando principalmente a quienes presentan rezago en sus esquemas de vacunaci\u00f3n.<\/p>\n\n\n\n<p>Durante la conferencia semanera, el secretario de Salud, Dr. Cuitl\u00e1huac Gonz\u00e1lez Galindo, inform\u00f3 que, de acuerdo con el \u00faltimo corte realizado la noche del domingo, se ha logrado un avance del 85% en la cobertura, lo que refleja un progreso significativo y favorable en el desarrollo de la campa\u00f1a.<\/p>\n\n\n\n<p>\u201cSe tiene como objetivo llegar a 40 mil personas y, hasta el momento, en el \u00faltimo corte realizado la noche de ayer, llevamos un 85% de cobertura. Principalmente se est\u00e1 atendiendo a personas con rezago en su vacunaci\u00f3n; contamos con todas las vacunas disponibles. Se est\u00e1n abasteciendo los centros de salud y tambi\u00e9n hay brigadas recorriendo las comunidades, por lo que el avance es bastante favorable\u201d, expres\u00f3.<\/p>\n\n\n\n<p>Gonz\u00e1lez Galindo mencion\u00f3 que actualmente se cuenta con disponibilidad de todas las vacunas, adem\u00e1s de que los centros de salud est\u00e1n siendo abastecidos de manera continua y se mantienen activas brigadas comunitarias para ampliar la cobertura.<\/p>\n\n\n\n<p>Asimismo, destac\u00f3 que la Federaci\u00f3n ha emitido un comunicado en el que se reconoce el buen desempe\u00f1o de la entidad en esta campa\u00f1a, otorg\u00e1ndole una evaluaci\u00f3n positiva.<\/p>\n\n\n\n<p>En cuanto a las altas temperaturas, se han reportado \u00fanicamente 10 casos de agotamiento por calor. Todas las personas afectadas acudieron a recibir atenci\u00f3n m\u00e9dica y fueron dadas de alta sin complicaciones.<\/p>\n","protected":false},"excerpt":{"rendered":"<p>Culiac\u00e1n, Sinaloa, 27 de abril de 2026.- Este s\u00e1bado dio inicio la Semana Nacional de Vacunaci\u00f3n, la cual se estar\u00e1 llevando a cabo hasta el pr\u00f3ximo 2 de mayo. El objetivo de esta jornada es inmunizar a 40 mil personas, priorizando principalmente a quienes presentan rezago en sus esquemas de vacunaci\u00f3n. Durante la conferencia semanera, [&hellip;]<\/p>\n","protected":false},"author":2,"featured_media":65729,"comment_status":"closed","ping_status":"open","sticky":false,"template":"","format":"standard","meta":{"_mi_skip_tracking":false,"footnotes":""},"categories":[13],"tags":[],"class_list":["post-65728","post","type-post","status-publish","format-standard","has-post-thumbnail","hentry","category-sinaloa"],"_links":{"self":[{"href":"https:\/\/www.puntociegoeditorial.com\/web\/wp-json\/wp\/v2\/posts\/65728","targetHints":{"allow":["GET"]}}],"collection":[{"href":"https:\/\/www.puntociegoeditorial.com\/web\/wp-json\/wp\/v2\/posts"}],"about":[{"href":"https:\/\/www.puntociegoeditorial.com\/web\/wp-json\/wp\/v2\/types\/post"}],"author":[{"embeddable":true,"href":"https:\/\/www.puntociegoeditorial.com\/web\/wp-json\/wp\/v2\/users\/2"}],"replies":[{"embeddable":true,"href":"https:\/\/www.puntociegoeditorial.com\/web\/wp-json\/wp\/v2\/comments?post=65728"}],"version-history":[{"count":1,"href":"https:\/\/www.puntociegoeditorial.com\/web\/wp-json\/wp\/v2\/posts\/65728\/revisions"}],"predecessor-version":[{"id":65730,"href":"https:\/\/www.puntociegoeditorial.com\/web\/wp-json\/wp\/v2\/posts\/65728\/revisions\/65730"}],"wp:featuredmedia":[{"embeddable":true,"href":"https:\/\/www.puntociegoeditorial.com\/web\/wp-json\/wp\/v2\/media\/65729"}],"wp:attachment":[{"href":"https:\/\/www.puntociegoeditorial.com\/web\/wp-json\/wp\/v2\/media?parent=65728"}],"wp:term":[{"taxonomy":"category","embeddable":true,"href":"https:\/\/www.puntociegoeditorial.com\/web\/wp-json\/wp\/v2\/categories?post=65728"},{"taxonomy":"post_tag","embeddable":true,"href":"https:\/\/www.puntociegoeditorial.com\/web\/wp-json\/wp\/v2\/tags?post=65728"}],"curies":[{"name":"wp","href":"https:\/\/api.w.org\/{rel}","templated":true}]}}