{"id":65748,"date":"2026-04-28T14:29:44","date_gmt":"2026-04-28T21:29:44","guid":{"rendered":"https:\/\/www.puntociegoeditorial.com\/web\/?p=65748"},"modified":"2026-04-28T14:29:44","modified_gmt":"2026-04-28T21:29:44","slug":"por-fin-se-volteo-a-ver-para-aca-entrega-ayuntamiento-8-calles-pavimentadas-en-hacienda-del-rio","status":"publish","type":"post","link":"https:\/\/www.puntociegoeditorial.com\/web\/2026\/04\/28\/por-fin-se-volteo-a-ver-para-aca-entrega-ayuntamiento-8-calles-pavimentadas-en-hacienda-del-rio\/","title":{"rendered":"\u201cPor fin se volte\u00f3 a ver para ac\u00e1\u201d: entrega Ayuntamiento 8 calles pavimentadas en Hacienda del R\u00edo"},"content":{"rendered":"\n<p><em>Vecinos reconocen obras impulsadas por el alcalde Juan de Dios G\u00e1mez; mejoran movilidad, seguridad e imagen urbana del sector<\/em><\/p>\n\n\n\n<p>Culiac\u00e1n, Sin., a 27 de abril de 2026.- Como parte del paquete de obras impulsadas por el alcalde Juan de Dios G\u00e1mez Mend\u00edvil para seguir transformando la ciudad, el Ayuntamiento de Culiac\u00e1n realiz\u00f3 este lunes la entrega de la pavimentaci\u00f3n de 8 calles en el fraccionamiento Hacienda del R\u00edo, acciones que representan una inversi\u00f3n de 3 millones 668 mil 315 pesos.<\/p>\n\n\n\n<p>En representaci\u00f3n del presidente municipal, acudi\u00f3 la secretaria de Obras y Servicios P\u00fablicos del municipio, Mar\u00eda del Carmen Morales Donada, acompa\u00f1ada por regidores y titulares de distintas \u00e1reas municipales como JAPAC, Direcci\u00f3n General de Servicios P\u00fablicos, Desarrollo Urbano Sustentable, IMDEC, Sedecom, entre otras dependencias.<\/p>\n\n\n\n<p>Las obras comprenden un total de 1,455 metros lineales en las calles 336, 337, 338, 339, 340, 341, 342 y 343, brindando mejores condiciones de movilidad para automovilistas y peatones, adem\u00e1s de una imagen urbana renovada para el sector.<\/p>\n\n\n\n<p>Durante el evento, Morales Donada destac\u00f3 que adem\u00e1s de acudir a entregar resultados, tambi\u00e9n se presentaron con la encomienda de escuchar nuevas tareas y solicitudes de las y los vecinos, siguiendo la instrucci\u00f3n del alcalde Juan de Dios G\u00e1mez Mend\u00edvil de mantener un gobierno cercano y atento a las necesidades ciudadanas.<\/p>\n\n\n\n<p>Las y los habitantes del fraccionamiento expresaron su satisfacci\u00f3n por contar ahora con calles m\u00e1s bonitas, seguras e iluminadas. Asimismo, aprovecharon la visita de los funcionarios para solicitar la habilitaci\u00f3n de un parque para las ni\u00f1as y ni\u00f1os del sector, as\u00ed como la construcci\u00f3n de un muro de contenci\u00f3n en el arroyo cercano.<\/p>\n\n\n\n<p>Juanita Reyes Sarabia, vecina beneficiada, expres\u00f3: \u201cMuy bien que hayan hecho algo aqu\u00ed, porque estaban muy feas las calles, estaban llenas de hoyos y casi no pod\u00edan pasar los carros. Todo se mira muy bien, muchas gracias por lo que hicieron aqu\u00ed\u201d.<\/p>\n\n\n\n<p>Por otro lado, Eva Rivera Camacho manifest\u00f3: \u201cEstamos muy contentos porque eso nos da m\u00e1s seguridad a nosotros y el alumbrado tambi\u00e9n es muy necesario. Estamos muy agradecidos de que por fin se volteara a ver para ac\u00e1, yo tengo aqu\u00ed como 15 a\u00f1os y no hab\u00edan puesto atenci\u00f3n a este sector que est\u00e1 un poco alejado de la urbe, ojal\u00e1 que sigan con ese \u00edmpetu\u201d. A\u00f1adi\u00f3 que esperan tambi\u00e9n poder habilitar el parque con apoyo del Ayuntamiento.<\/p>\n\n\n\n<p>Con acciones que responden a las necesidades de la ciudadan\u00eda, el Ayuntamiento de Culiac\u00e1n contin\u00faa avanzando con obras que llevan bienestar y desarrollo a cada colonia y fraccionamiento del municipio.<\/p>\n","protected":false},"excerpt":{"rendered":"<p>Vecinos reconocen obras impulsadas por el alcalde Juan de Dios G\u00e1mez; mejoran movilidad, seguridad e imagen urbana del sector Culiac\u00e1n, Sin., a 27 de abril de 2026.- Como parte del paquete de obras impulsadas por el alcalde Juan de Dios G\u00e1mez Mend\u00edvil para seguir transformando la ciudad, el Ayuntamiento de Culiac\u00e1n realiz\u00f3 este lunes la [&hellip;]<\/p>\n","protected":false},"author":2,"featured_media":65749,"comment_status":"closed","ping_status":"open","sticky":false,"template":"","format":"standard","meta":{"_mi_skip_tracking":false,"footnotes":""},"categories":[12],"tags":[],"class_list":["post-65748","post","type-post","status-publish","format-standard","has-post-thumbnail","hentry","category-ciudad"],"_links":{"self":[{"href":"https:\/\/www.puntociegoeditorial.com\/web\/wp-json\/wp\/v2\/posts\/65748","targetHints":{"allow":["GET"]}}],"collection":[{"href":"https:\/\/www.puntociegoeditorial.com\/web\/wp-json\/wp\/v2\/posts"}],"about":[{"href":"https:\/\/www.puntociegoeditorial.com\/web\/wp-json\/wp\/v2\/types\/post"}],"author":[{"embeddable":true,"href":"https:\/\/www.puntociegoeditorial.com\/web\/wp-json\/wp\/v2\/users\/2"}],"replies":[{"embeddable":true,"href":"https:\/\/www.puntociegoeditorial.com\/web\/wp-json\/wp\/v2\/comments?post=65748"}],"version-history":[{"count":1,"href":"https:\/\/www.puntociegoeditorial.com\/web\/wp-json\/wp\/v2\/posts\/65748\/revisions"}],"predecessor-version":[{"id":65750,"href":"https:\/\/www.puntociegoeditorial.com\/web\/wp-json\/wp\/v2\/posts\/65748\/revisions\/65750"}],"wp:featuredmedia":[{"embeddable":true,"href":"https:\/\/www.puntociegoeditorial.com\/web\/wp-json\/wp\/v2\/media\/65749"}],"wp:attachment":[{"href":"https:\/\/www.puntociegoeditorial.com\/web\/wp-json\/wp\/v2\/media?parent=65748"}],"wp:term":[{"taxonomy":"category","embeddable":true,"href":"https:\/\/www.puntociegoeditorial.com\/web\/wp-json\/wp\/v2\/categories?post=65748"},{"taxonomy":"post_tag","embeddable":true,"href":"https:\/\/www.puntociegoeditorial.com\/web\/wp-json\/wp\/v2\/tags?post=65748"}],"curies":[{"name":"wp","href":"https:\/\/api.w.org\/{rel}","templated":true}]}}