{"id":65752,"date":"2026-04-28T14:31:43","date_gmt":"2026-04-28T21:31:43","guid":{"rendered":"https:\/\/www.puntociegoeditorial.com\/web\/?p=65752"},"modified":"2026-04-28T14:31:43","modified_gmt":"2026-04-28T21:31:43","slug":"con-el-expediente-de-salud-escolar-la-sepyc-fortalece-la-salud-integral-de-la-ninez-sinaloense","status":"publish","type":"post","link":"https:\/\/www.puntociegoeditorial.com\/web\/2026\/04\/28\/con-el-expediente-de-salud-escolar-la-sepyc-fortalece-la-salud-integral-de-la-ninez-sinaloense\/","title":{"rendered":"Con el Expediente de Salud Escolar, la SEPyC fortalece la salud integral de la ni\u00f1ez sinaloense"},"content":{"rendered":"\n<p><em> <\/em><\/p>\n\n\n\n<p><em>A trav\u00e9s de la Estrategia Nacional \u00abVive Saludable, Vive Feliz\u00bb, el Gobierno de Sinaloa garantiza diagn\u00f3sticos y lentes gratuitos para estudiantes de Primaria.<\/em><\/p>\n\n\n\n<p><em>Podr\u00e1n hacer el canje en Salud Digna o Coppel<\/em><\/p>\n\n\n\n<p><em>Culiac\u00e1n, Sinaloa, a 28 de abril de 2026.-<\/em> En un esfuerzo conjunto por el desarrollo integral de la ni\u00f1ez sinaloense, la Secretar\u00eda de Educaci\u00f3n P\u00fablica y Cultura (SEPyC) y la Secretar\u00eda de Salud realizaron la entrega oficial a planteles educativos de los resultados del Expediente de Salud Escolar, bajo la implementaci\u00f3n de la Estrategia Nacional \u00abVive Saludable, Vive Feliz\u00bb.<\/p>\n\n\n\n<p>En la Primaria \u201cH\u00e9roes de Nacozari\u201d, sede del evento, la Titular de la SEPyC, Lic. Gloria Himelda F\u00e9lix Niebla, destac\u00f3 que gracias a la participaci\u00f3n de 17 grupos interinstitucionales \u2014como el Sistema DIF Sinaloa, IMSS-Bienestar, Salud Digna y Fundaci\u00f3n Coppel\u2014 se busca transformar los indicadores de salud, atendiendo casos de obesidad, caries y problemas visuales en las y los alumnos de Primaria.<\/p>\n\n\n\n<p>\u201cSe han identificado 67 mil ni\u00f1as y ni\u00f1os con alguna afectaci\u00f3n de salud visual; por ello, es fundamental que mam\u00e1, pap\u00e1 o tutores responsables acudan de manera inmediata a la valoraci\u00f3n correspondiente\u201d, expres\u00f3 F\u00e9lix Niebla.<\/p>\n\n\n\n<p>La secretaria explic\u00f3 que, tras este primer diagn\u00f3stico, es necesario que los menores identificados asistan a una segunda revisi\u00f3n m\u00e1s profunda en Salud Digna o Coppel, paso previo para recibir sus lentes gratuitos. A la fecha, 6 mil 700 alumnos ya han completado este proceso.<\/p>\n\n\n\n<p>\u201cHay que ponerle ojo a ese Expediente de Salud Escolar y atenderse. Quienes hayan salido con alg\u00fan problema de caries u obesidad pueden acercarse con plena confianza a una Cl\u00ednica de Salud\u201d, recomend\u00f3 la funcionaria.<\/p>\n\n\n\n<p>Asimismo, subray\u00f3 que esta estrategia tiene un s\u00f3lido antecedente en el trabajo del Sistema DIF Estatal, que encabeza la Dra. Eneyda Rocha Ruiz, y el compromiso del Gobernador, Dr. Rub\u00e9n Rocha Moya, quienes a trav\u00e9s del programa \u00abUna Mirada con Bienestar\u00bb han consolidado las bases de la atenci\u00f3n visual gratuita en las escuelas.<\/p>\n\n\n\n<p>Por su parte, el Secretario de Salud, Dr. Cuitl\u00e1huac Gonz\u00e1lez Galindo, puntualiz\u00f3 que \u201cVive Saludable, Vive Feliz\u201d busca reivindicar los h\u00e1bitos de vida sana en el estado. \u201cPromovemos el buen comer y la actividad f\u00edsica a trav\u00e9s de una evaluaci\u00f3n integral. Para el Gobierno del Dr. Rub\u00e9n Rocha Moya, los ni\u00f1os son nuestra prioridad; tenemos claro que si les apostamos a ellos, estamos apost\u00e1ndole al futuro de Sinaloa\u201d, se\u00f1al\u00f3.<\/p>\n\n\n\n<p>Estuvieron presentes el Subsecretario de Vinculaci\u00f3n Social, Lic. Jorge Rafael Quintero; la Subsecretaria de Planeaci\u00f3n Educativa, MC Paulina Pe\u00f1a Pay\u00e1n; la Directora del Sistema DIF Sinaloa, Lic. Mercedes Ibarra; la Titular del \u00d3rgano de Operaci\u00f3n Administrativa Desconcentrada del IMSS Sinaloa, Dra. Tania Clarissa Medina L\u00f3pez; la Coordinadora de Vinculaci\u00f3n Institucional de Fundaci\u00f3n Coppel, Mtra. Carolina Castro Rodr\u00edguez; la Gerente Cl\u00ednica de Salud Digna Culiac\u00e1n, Lic. Alessandra Gonz\u00e1lez Verdugo; as\u00ed como la anfitriona, la Directora del plantel, Profa. Rosa Icela Arellano, y sus alumnos Amaya Daniela y V\u00edctor Hugo.<\/p>\n\n\n\n<p>Durante el evento se realiz\u00f3 la entrega simb\u00f3lica de los Expedientes de Salud Escolar a las Primarias: H\u00e9roes de Nacozari, J. Guadalupe Ram\u00edrez Aguilar, Ignacio L\u00f3pez Ray\u00f3n, Enrique Romero Jim\u00e9nez &#8211; STASE, Rafael Ram\u00edrez, Margarita Maza de Ju\u00e1rez y Las Am\u00e9ricas.<\/p>\n","protected":false},"excerpt":{"rendered":"<p>A trav\u00e9s de la Estrategia Nacional \u00abVive Saludable, Vive Feliz\u00bb, el Gobierno de Sinaloa garantiza diagn\u00f3sticos y lentes gratuitos para estudiantes de Primaria. Podr\u00e1n hacer el canje en Salud Digna o Coppel Culiac\u00e1n, Sinaloa, a 28 de abril de 2026.- En un esfuerzo conjunto por el desarrollo integral de la ni\u00f1ez sinaloense, la Secretar\u00eda de [&hellip;]<\/p>\n","protected":false},"author":2,"featured_media":65753,"comment_status":"closed","ping_status":"open","sticky":false,"template":"","format":"standard","meta":{"_mi_skip_tracking":false,"footnotes":""},"categories":[13],"tags":[],"class_list":["post-65752","post","type-post","status-publish","format-standard","has-post-thumbnail","hentry","category-sinaloa"],"_links":{"self":[{"href":"https:\/\/www.puntociegoeditorial.com\/web\/wp-json\/wp\/v2\/posts\/65752","targetHints":{"allow":["GET"]}}],"collection":[{"href":"https:\/\/www.puntociegoeditorial.com\/web\/wp-json\/wp\/v2\/posts"}],"about":[{"href":"https:\/\/www.puntociegoeditorial.com\/web\/wp-json\/wp\/v2\/types\/post"}],"author":[{"embeddable":true,"href":"https:\/\/www.puntociegoeditorial.com\/web\/wp-json\/wp\/v2\/users\/2"}],"replies":[{"embeddable":true,"href":"https:\/\/www.puntociegoeditorial.com\/web\/wp-json\/wp\/v2\/comments?post=65752"}],"version-history":[{"count":1,"href":"https:\/\/www.puntociegoeditorial.com\/web\/wp-json\/wp\/v2\/posts\/65752\/revisions"}],"predecessor-version":[{"id":65754,"href":"https:\/\/www.puntociegoeditorial.com\/web\/wp-json\/wp\/v2\/posts\/65752\/revisions\/65754"}],"wp:featuredmedia":[{"embeddable":true,"href":"https:\/\/www.puntociegoeditorial.com\/web\/wp-json\/wp\/v2\/media\/65753"}],"wp:attachment":[{"href":"https:\/\/www.puntociegoeditorial.com\/web\/wp-json\/wp\/v2\/media?parent=65752"}],"wp:term":[{"taxonomy":"category","embeddable":true,"href":"https:\/\/www.puntociegoeditorial.com\/web\/wp-json\/wp\/v2\/categories?post=65752"},{"taxonomy":"post_tag","embeddable":true,"href":"https:\/\/www.puntociegoeditorial.com\/web\/wp-json\/wp\/v2\/tags?post=65752"}],"curies":[{"name":"wp","href":"https:\/\/api.w.org\/{rel}","templated":true}]}}