{"id":65756,"date":"2026-04-28T14:33:26","date_gmt":"2026-04-28T21:33:26","guid":{"rendered":"https:\/\/www.puntociegoeditorial.com\/web\/?p=65756"},"modified":"2026-04-28T14:33:26","modified_gmt":"2026-04-28T21:33:26","slug":"la-huerta-mocorito-se-viste-de-historia-presentaran-libro-que-honra-el-legado-de-la-banda-hermanos-rubio","status":"publish","type":"post","link":"https:\/\/www.puntociegoeditorial.com\/web\/2026\/04\/28\/la-huerta-mocorito-se-viste-de-historia-presentaran-libro-que-honra-el-legado-de-la-banda-hermanos-rubio\/","title":{"rendered":"La Huerta , Mocorito se viste de historia: presentar\u00e1n libro que honra el legado de la Banda Hermanos Rubio"},"content":{"rendered":"\n<p>David Rubio Guti\u00e9rrez anunci\u00f3 la presentaci\u00f3n de \u201cRa\u00edces, Familia y Amigos del Alma\u201d este 3 de mayo en Mocorito, con un evento que fusionar\u00e1 literatura y m\u00fasica rumbo al centenario de la emblem\u00e1tica agrupaci\u00f3n sinaloense.<\/p>\n\n\n\n<p>Culiac\u00e1n, Sinaloa; abril de 2026.\u2013 En un anuncio que resalta el valor de la memoria y la identidad cultural, el profesor y escritor David Rubio Guti\u00e9rrez present\u00f3 los detalles de su libro \u201cRa\u00edces, Familia y Amigos del Alma\u201d, obra que ser\u00e1 dada a conocer el pr\u00f3ximo domingo 3 de mayo en la comunidad de La Huerta, Mocorito.<\/p>\n\n\n\n<p>El evento, programado a las 10:00 horas, se realizar\u00e1 en el lugar que vio nacer a la Banda Hermanos Rubio, como parte de las festividades tradicionales impulsadas por el Ayuntamiento de Mocorito que encabeza el alcalde Enrique Parra Melecio, y en antesala a la conmemoraci\u00f3n de los 100 a\u00f1os de esta agrupaci\u00f3n \u00edcono de la m\u00fasica sinaloense.<\/p>\n\n\n\n<p>Durante la rueda de prensa, Rubio Guti\u00e9rrez destac\u00f3 que su obra es un recorrido por las ra\u00edces familiares, la herencia musical y las vivencias que han marcado a varias generaciones. El libro, estructurado en siete cap\u00edtulos, integra relatos sobre sus or\u00edgenes, perfiles de personajes del \u00e1mbito cultural y pol\u00edtico, as\u00ed como un apartado especial dedicado a los \u201camigos del alma\u201d.<\/p>\n\n\n\n<p>El autor subray\u00f3 que la publicaci\u00f3n es resultado de m\u00e1s de tres a\u00f1os de trabajo, en los que combin\u00f3 investigaci\u00f3n hist\u00f3rica con experiencias personales, con el prop\u00f3sito de preservar y compartir el legado de su familia.<\/p>\n\n\n\n<p>En el anuncio tambi\u00e9n particip\u00f3 el compositor Rub\u00e9n Rubio Valdez, quien fungir\u00e1 como comentarista durante la presentaci\u00f3n. Inform\u00f3 que el programa incluir\u00e1 la participaci\u00f3n de seis comentaristas invitados, as\u00ed como intervenciones musicales de la Banda Hermanos Rubio, con piezas representativas de su trayectoria.<\/p>\n\n\n\n<p>La actividad busca consolidarse como un encuentro cultural que re\u00fana a la comunidad en torno a sus ra\u00edces, resaltando el papel de la m\u00fasica de banda como s\u00edmbolo de identidad en Sinaloa.<\/p>\n","protected":false},"excerpt":{"rendered":"<p>David Rubio Guti\u00e9rrez anunci\u00f3 la presentaci\u00f3n de \u201cRa\u00edces, Familia y Amigos del Alma\u201d este 3 de mayo en Mocorito, con un evento que fusionar\u00e1 literatura y m\u00fasica rumbo al centenario de la emblem\u00e1tica agrupaci\u00f3n sinaloense. Culiac\u00e1n, Sinaloa; abril de 2026.\u2013 En un anuncio que resalta el valor de la memoria y la identidad cultural, el [&hellip;]<\/p>\n","protected":false},"author":2,"featured_media":65757,"comment_status":"closed","ping_status":"open","sticky":false,"template":"","format":"standard","meta":{"_mi_skip_tracking":false,"footnotes":""},"categories":[13],"tags":[],"class_list":["post-65756","post","type-post","status-publish","format-standard","has-post-thumbnail","hentry","category-sinaloa"],"_links":{"self":[{"href":"https:\/\/www.puntociegoeditorial.com\/web\/wp-json\/wp\/v2\/posts\/65756","targetHints":{"allow":["GET"]}}],"collection":[{"href":"https:\/\/www.puntociegoeditorial.com\/web\/wp-json\/wp\/v2\/posts"}],"about":[{"href":"https:\/\/www.puntociegoeditorial.com\/web\/wp-json\/wp\/v2\/types\/post"}],"author":[{"embeddable":true,"href":"https:\/\/www.puntociegoeditorial.com\/web\/wp-json\/wp\/v2\/users\/2"}],"replies":[{"embeddable":true,"href":"https:\/\/www.puntociegoeditorial.com\/web\/wp-json\/wp\/v2\/comments?post=65756"}],"version-history":[{"count":1,"href":"https:\/\/www.puntociegoeditorial.com\/web\/wp-json\/wp\/v2\/posts\/65756\/revisions"}],"predecessor-version":[{"id":65758,"href":"https:\/\/www.puntociegoeditorial.com\/web\/wp-json\/wp\/v2\/posts\/65756\/revisions\/65758"}],"wp:featuredmedia":[{"embeddable":true,"href":"https:\/\/www.puntociegoeditorial.com\/web\/wp-json\/wp\/v2\/media\/65757"}],"wp:attachment":[{"href":"https:\/\/www.puntociegoeditorial.com\/web\/wp-json\/wp\/v2\/media?parent=65756"}],"wp:term":[{"taxonomy":"category","embeddable":true,"href":"https:\/\/www.puntociegoeditorial.com\/web\/wp-json\/wp\/v2\/categories?post=65756"},{"taxonomy":"post_tag","embeddable":true,"href":"https:\/\/www.puntociegoeditorial.com\/web\/wp-json\/wp\/v2\/tags?post=65756"}],"curies":[{"name":"wp","href":"https:\/\/api.w.org\/{rel}","templated":true}]}}