{"id":65773,"date":"2026-04-29T15:32:30","date_gmt":"2026-04-29T22:32:30","guid":{"rendered":"https:\/\/www.puntociegoeditorial.com\/web\/?p=65773"},"modified":"2026-04-29T15:32:30","modified_gmt":"2026-04-29T22:32:30","slug":"mas-de-1200-jovenes-han-sido-capacitados-y-apoyados-en-empleo-y-autoempleo-por-el-gobierno-del-estado-de-sinaloa-en-lo-que-va-del-ano","status":"publish","type":"post","link":"https:\/\/www.puntociegoeditorial.com\/web\/2026\/04\/29\/mas-de-1200-jovenes-han-sido-capacitados-y-apoyados-en-empleo-y-autoempleo-por-el-gobierno-del-estado-de-sinaloa-en-lo-que-va-del-ano\/","title":{"rendered":"M\u00e1s de 1,200 j\u00f3venes han sido capacitados y apoyados en empleo y autoempleo por el Gobierno del Estado de Sinaloa en lo que va del a\u00f1o"},"content":{"rendered":"\n<p><em>Ferias de empleo y programas de autoempleo fortalecen el desarrollo econ\u00f3mico de las juventudes en todo el estado<\/em><\/p>\n\n\n\n<p><em>Culiac\u00e1n, Sinaloa, mi\u00e9rcoles 29 de abril de 2026. \u2013<\/em> El Gobierno del Estado de Sinaloa, a trav\u00e9s de la Secretar\u00eda de Bienestar y Desarrollo Sustentable y el Instituto Sinaloense de la Juventud (ISJU), contin\u00faa consolidando acciones que abren oportunidades reales para las juventudes.<\/p>\n\n\n\n<p>En lo que va del a\u00f1o, m\u00e1s de 1,200 j\u00f3venes han sido beneficiados en distintos municipios del estado mediante ferias de empleo y capacitaci\u00f3n en oficios, como \u201cAprende y Empl\u00e9ate\u201d, iniciativa que impulsa el desarrollo de habilidades para el emprendimiento juvenil mediante cursos al momento como: automaquillaje, peinado, aplicaci\u00f3n de u\u00f1as e incluso idiomas.<\/p>\n\n\n\n<p>Estas estrategias se han implementado en municipios como Culiac\u00e1n, Mazatl\u00e1n, Guasave, Salvador Alvarado, Eldorado, Concordia y Juan Jos\u00e9 R\u00edos, con la proyecci\u00f3n de seguir ampliando su alcance en todo Sinaloa.<\/p>\n\n\n\n<p>Como parte de estas acciones, actualmente se encuentra abierta la convocatoria al curso de u\u00f1as \u201cAprende y Empl\u00e9ate\u201d en el municipio de Cosal\u00e1. La capacitaci\u00f3n se llevar\u00e1 a cabo en la Biblioteca Digital los d\u00edas 11, 12, 13, 14 y 15 de mayo, en un horario de 3:30 p.m. a 5:30 p.m.<\/p>\n\n\n\n<p>Si buscas capacitarte, emprender o integrarte al mundo laboral, esta es tu oportunidad. Inscr\u00edbete, solicita informaci\u00f3n a trav\u00e9s de las redes sociales @ISJUMX y mantente al pendiente de las pr\u00f3ximas ferias de empleo y cursos en tu municipio.<\/p>\n\n\n\n<p><\/p>\n","protected":false},"excerpt":{"rendered":"<p>Ferias de empleo y programas de autoempleo fortalecen el desarrollo econ\u00f3mico de las juventudes en todo el estado Culiac\u00e1n, Sinaloa, mi\u00e9rcoles 29 de abril de 2026. \u2013 El Gobierno del Estado de Sinaloa, a trav\u00e9s de la Secretar\u00eda de Bienestar y Desarrollo Sustentable y el Instituto Sinaloense de la Juventud (ISJU), contin\u00faa consolidando acciones que [&hellip;]<\/p>\n","protected":false},"author":2,"featured_media":65774,"comment_status":"closed","ping_status":"open","sticky":false,"template":"","format":"standard","meta":{"_mi_skip_tracking":false,"footnotes":""},"categories":[12],"tags":[],"class_list":["post-65773","post","type-post","status-publish","format-standard","has-post-thumbnail","hentry","category-ciudad"],"_links":{"self":[{"href":"https:\/\/www.puntociegoeditorial.com\/web\/wp-json\/wp\/v2\/posts\/65773","targetHints":{"allow":["GET"]}}],"collection":[{"href":"https:\/\/www.puntociegoeditorial.com\/web\/wp-json\/wp\/v2\/posts"}],"about":[{"href":"https:\/\/www.puntociegoeditorial.com\/web\/wp-json\/wp\/v2\/types\/post"}],"author":[{"embeddable":true,"href":"https:\/\/www.puntociegoeditorial.com\/web\/wp-json\/wp\/v2\/users\/2"}],"replies":[{"embeddable":true,"href":"https:\/\/www.puntociegoeditorial.com\/web\/wp-json\/wp\/v2\/comments?post=65773"}],"version-history":[{"count":1,"href":"https:\/\/www.puntociegoeditorial.com\/web\/wp-json\/wp\/v2\/posts\/65773\/revisions"}],"predecessor-version":[{"id":65775,"href":"https:\/\/www.puntociegoeditorial.com\/web\/wp-json\/wp\/v2\/posts\/65773\/revisions\/65775"}],"wp:featuredmedia":[{"embeddable":true,"href":"https:\/\/www.puntociegoeditorial.com\/web\/wp-json\/wp\/v2\/media\/65774"}],"wp:attachment":[{"href":"https:\/\/www.puntociegoeditorial.com\/web\/wp-json\/wp\/v2\/media?parent=65773"}],"wp:term":[{"taxonomy":"category","embeddable":true,"href":"https:\/\/www.puntociegoeditorial.com\/web\/wp-json\/wp\/v2\/categories?post=65773"},{"taxonomy":"post_tag","embeddable":true,"href":"https:\/\/www.puntociegoeditorial.com\/web\/wp-json\/wp\/v2\/tags?post=65773"}],"curies":[{"name":"wp","href":"https:\/\/api.w.org\/{rel}","templated":true}]}}