{"id":65789,"date":"2026-04-29T15:40:04","date_gmt":"2026-04-29T22:40:04","guid":{"rendered":"https:\/\/www.puntociegoeditorial.com\/web\/?p=65789"},"modified":"2026-05-01T13:53:13","modified_gmt":"2026-05-01T20:53:13","slug":"juan-de-dios-entrega-equipamiento-y-vehiculos-para-fortalecer-el-trabajo-del-personal-de-servicios-publicos","status":"publish","type":"post","link":"https:\/\/www.puntociegoeditorial.com\/web\/2026\/04\/29\/juan-de-dios-entrega-equipamiento-y-vehiculos-para-fortalecer-el-trabajo-del-personal-de-servicios-publicos\/","title":{"rendered":"Juan de Dios entrega equipamiento y veh\u00edculos para fortalecer el trabajo del personal de Servicios P\u00fablicos"},"content":{"rendered":"\n<p><em>La inversi\u00f3n en cinco camionetas tipo Pick Up, un cami\u00f3n cisterna (pipa de agua) y un rodillo (maquinaria para obras de pavimentaci\u00f3n), asciende a 7 millones de pesos<\/em><\/p>\n\n\n\n<p>Culiac\u00e1n, Sinaloa; a 29 de abril de 2026.- En un acto de reconocimiento al esfuerzo que diariamente realiza el personal del \u00e1rea de Servicios P\u00fablicos de la Secretar\u00eda de Obras P\u00fablicas del Ayuntamiento, el alcalde Juan de Dios G\u00e1mez Mend\u00edvil realiz\u00f3 la entrega de una flotilla vehicular destinada a fortalecer el desempe\u00f1o de sus actividades.<\/p>\n\n\n\n<p>Durante el encuentro con el personal y desde el Eje Federalismo, G\u00e1mez Mend\u00edvil resalt\u00f3 el gran empe\u00f1o y dedicaci\u00f3n que d\u00eda a d\u00eda demuestran en beneficio de los espacios p\u00fablicos de la ciudad.<\/p>\n\n\n\n<p>\u201cNo solamente quiero darles las gracias por este trabajo, sino por lo que hacemos todos los d\u00edas. El trabajo del Ayuntamiento de Culiac\u00e1n, ustedes saben bien, no descansa: es las 24 horas, los 7 d\u00edas de la semana\u201d, asever\u00f3.<\/p>\n\n\n\n<p>En el evento, G\u00e1mez Mend\u00edvil entreg\u00f3 de manera directa cinco camionetas tipo Pick Up, con un valor de 3 millones de pesos, destinadas a las cuadrillas de mantenimiento; una pipa de agua con capacidad de 10 mil litros, con un monto de 2 millones de pesos; y un rodillo para obras de pavimentaci\u00f3n y reencarpetado, con un valor de 1 mill\u00f3n de pesos, sumando una inversi\u00f3n total de 7 millones de pesos.<\/p>\n\n\n\n<p>\u201cLa gente de Culiac\u00e1n sabe que cuenta con el Ayuntamiento de Culiac\u00e1n\u201d, precis\u00f3.<\/p>\n\n\n\n<p>El primer edil reconoci\u00f3 que el trabajo que realizan mujeres y hombres en estas \u00e1reas se traduce en un esfuerzo silencioso que se refleja en espacios limpios y acondicionados.<\/p>\n\n\n\n<p>Finalmente, G\u00e1mez Mend\u00edvil exhort\u00f3 a los presentes a mantener el mismo compromiso en beneficio de la ciudad, Culiac\u00e1n, que es la casa de todos.<\/p>\n\n\n\n<p>La entrega de la flotilla se realiz\u00f3 en el proyecto verde del Eje Federalismo, que ya cuenta con zona arbolada, c\u00e9sped, sistema de riego, luminarias LED y sendero, adem\u00e1s que fue intervenido con la construcci\u00f3n de banquetas y el reencarpetado, una muestra del trabajo del personal de Servicios P\u00fablicos.<\/p>\n","protected":false},"excerpt":{"rendered":"<p>La inversi\u00f3n en cinco camionetas tipo Pick Up, un cami\u00f3n cisterna (pipa de agua) y un rodillo (maquinaria para obras de pavimentaci\u00f3n), asciende a 7 millones de pesos Culiac\u00e1n, Sinaloa; a 29 de abril de 2026.- En un acto de reconocimiento al esfuerzo que diariamente realiza el personal del \u00e1rea de Servicios P\u00fablicos de la [&hellip;]<\/p>\n","protected":false},"author":2,"featured_media":65790,"comment_status":"closed","ping_status":"open","sticky":false,"template":"","format":"standard","meta":{"_mi_skip_tracking":false,"footnotes":""},"categories":[12],"tags":[],"class_list":["post-65789","post","type-post","status-publish","format-standard","has-post-thumbnail","hentry","category-ciudad"],"_links":{"self":[{"href":"https:\/\/www.puntociegoeditorial.com\/web\/wp-json\/wp\/v2\/posts\/65789","targetHints":{"allow":["GET"]}}],"collection":[{"href":"https:\/\/www.puntociegoeditorial.com\/web\/wp-json\/wp\/v2\/posts"}],"about":[{"href":"https:\/\/www.puntociegoeditorial.com\/web\/wp-json\/wp\/v2\/types\/post"}],"author":[{"embeddable":true,"href":"https:\/\/www.puntociegoeditorial.com\/web\/wp-json\/wp\/v2\/users\/2"}],"replies":[{"embeddable":true,"href":"https:\/\/www.puntociegoeditorial.com\/web\/wp-json\/wp\/v2\/comments?post=65789"}],"version-history":[{"count":1,"href":"https:\/\/www.puntociegoeditorial.com\/web\/wp-json\/wp\/v2\/posts\/65789\/revisions"}],"predecessor-version":[{"id":65791,"href":"https:\/\/www.puntociegoeditorial.com\/web\/wp-json\/wp\/v2\/posts\/65789\/revisions\/65791"}],"wp:featuredmedia":[{"embeddable":true,"href":"https:\/\/www.puntociegoeditorial.com\/web\/wp-json\/wp\/v2\/media\/65790"}],"wp:attachment":[{"href":"https:\/\/www.puntociegoeditorial.com\/web\/wp-json\/wp\/v2\/media?parent=65789"}],"wp:term":[{"taxonomy":"category","embeddable":true,"href":"https:\/\/www.puntociegoeditorial.com\/web\/wp-json\/wp\/v2\/categories?post=65789"},{"taxonomy":"post_tag","embeddable":true,"href":"https:\/\/www.puntociegoeditorial.com\/web\/wp-json\/wp\/v2\/tags?post=65789"}],"curies":[{"name":"wp","href":"https:\/\/api.w.org\/{rel}","templated":true}]}}