{"id":65798,"date":"2026-04-29T15:45:44","date_gmt":"2026-04-29T22:45:44","guid":{"rendered":"https:\/\/www.puntociegoeditorial.com\/web\/?p=65798"},"modified":"2026-04-29T15:45:44","modified_gmt":"2026-04-29T22:45:44","slug":"el-deporte-adaptado-en-culiacan-esta-de-fiesta-juan-de-dios-gamez-coloca-primera-piedra-de-unidad-deportiva-inclusiva","status":"publish","type":"post","link":"https:\/\/www.puntociegoeditorial.com\/web\/2026\/04\/29\/el-deporte-adaptado-en-culiacan-esta-de-fiesta-juan-de-dios-gamez-coloca-primera-piedra-de-unidad-deportiva-inclusiva\/","title":{"rendered":"El deporte adaptado en Culiac\u00e1n est\u00e1 de fiesta; Juan de Dios G\u00e1mez coloca primera piedra de Unidad Deportiva Inclusiva"},"content":{"rendered":"\n<p><em>\u201cSab\u00edamos que hac\u00eda falta y hoy comienza a ser una realidad\u201d: inicia construcci\u00f3n de un espacio \u00fanico en el Parque Culiac\u00e1n 87<\/em><\/p>\n\n\n\n<p>Culiac\u00e1n, Sinaloa., a 28 de abril de 2026.\u2013 Culiac\u00e1n marca un momento hist\u00f3rico en materia de inclusi\u00f3n con el inicio de la Unidad Deportiva Inclusiva, la primera en su tipo en el estado, un proyecto que busca transformar el acceso al deporte para personas con discapacidad y consolidar al municipio como referente nacional en deporte adaptado.<\/p>\n\n\n\n<p>Encabezado por el alcalde Juan de Dios G\u00e1mez Mend\u00edvil, el proyecto inicia en el Parque Culiac\u00e1n 87 con una inversi\u00f3n superior a los 24 millones de pesos en su primera etapa, como parte de un plan integral que contempla una inversi\u00f3n total superior a los 65 millones de pesos.<\/p>\n\n\n\n<p>La obra se desarrollar\u00e1 en distintas fases, iniciando con el m\u00f3dulo especializado de golbol, seguido de \u00e1reas deportivas m\u00faltiples y espacios complementarios.<\/p>\n\n\n\n<p>Este nuevo complejo responde a una necesidad real de la comunidad deportiva, que por a\u00f1os ha enfrentado limitaciones para entrenar en condiciones adecuadas.<\/p>\n\n\n\n<p>Actualmente, Culiac\u00e1n cuenta con m\u00e1s de 140 deportistas en disciplinas adaptadas, lo que evidencia el crecimiento de esta comunidad y la urgencia de infraestructura especializada que permita su desarrollo.<br>Durante el evento, el alcalde destac\u00f3 el impacto social de este proyecto y la importancia de generar espacios verdaderamente incluyentes para todas y todos.<\/p>\n\n\n\n<p>\u00abLo que estamos viviendo esta tarde, en compa\u00f1\u00eda de todas y de todos, es algo muy significativo e importante para todos aqu\u00ed en Culiac\u00e1n, como sociedad. Definitivamente la educaci\u00f3n y el deporte son lo que nos permiten desarrollarnos y salir adelante, pero para esto tambi\u00e9n necesitamos ser verdaderamente inclusivos, donde podamos tener los espacios todas y todos. Y estos espacios, como el que vamos a iniciar esta tarde, dentro de esta comunidad deportiva, ya el Parque 87 es un lugar recreativo, deportivo, pero ahora va a tener este distintivo o este referente adicional que va a ser una unidad deportiva inclusiva\u00bb, asegur\u00f3.<\/p>\n\n\n\n<p>Asimismo, detall\u00f3 que la obra se desarrollar\u00e1 bajo criterios t\u00e9cnicos espec\u00edficos para cada disciplina, garantizando accesibilidad total.<\/p>\n\n\n\n<p>\u00abEs la primera etapa de un primer proyecto donde vamos a considerar las canchas de golbol, con las necesidades b\u00e1sicas del aislamiento, etc\u00e9tera. Tal cual son las necesidades y los requerimientos para el deporte, as\u00ed va a ser. Y algo muy importante, son 100% inclusivas con el tema auditivo, con el tema visual, para el tema motriz, etc\u00e9tera.\u00bb, indic\u00f3.<\/p>\n\n\n\n<p>La unidad contar\u00e1 con espacios para golbol con aislamiento ac\u00fastico, b\u00e1squetbol en silla de ruedas, parataekwondo, boccia y voleibol sentado, adem\u00e1s de \u00e1reas complementarias como gimnasio de alto rendimiento, fisioterapia, atenci\u00f3n m\u00e9dica, gradas, elevador, ba\u00f1os y vestidores inclusivos, as\u00ed como se\u00f1al\u00e9tica podot\u00e1ctil.<\/p>\n\n\n\n<p>Por su parte, el medallista paral\u00edmpico taekwondoin Juan Diego Garc\u00eda, destac\u00f3 el impacto que tendr\u00e1 esta obra para la comunidad deportiva, al tratarse de un proyecto que abre nuevas oportunidades para el desarrollo de atletas.<\/p>\n\n\n\n<p>\u00abPara nuestros compa\u00f1eros deportistas que pues muchas veces es muy complicado el encontrar un espacio en el cual se pueda entrenar en aptas condiciones para las diversas discapacidades que hay en todas las ramas y pues la verdad que felicitarlo por esta gran iniciativa, creo que pues nosotros los culichis nos vamos a quedar con eso, con esa labor que est\u00e1 haciendo usted, creo que si as\u00ed hay resultados creo que ahora con esta gran unidad a\u00fan va a haber m\u00e1s\u00bb, expres\u00f3.<\/p>\n\n\n\n<p>Asimismo, invit\u00f3 a los deportistas a aprovechar este espacio para seguir creciendo y representar a Culiac\u00e1n en lo m\u00e1s alto.<\/p>\n\n\n\n<p>En su intervenci\u00f3n, la presidenta del DIF Bienestar Culiac\u00e1n, Irma Nidya Gasca Aldama, expres\u00f3 su entusiasmo por el inicio de un proyecto largamente esperado, destacando que esta unidad nace del compromiso por construir una ciudad m\u00e1s incluyente, donde todas las personas tengan acceso a espacios dignos para el deporte, la convivencia y el desarrollo personal.<\/p>\n\n\n\n<p>El director del deporte adaptado, Jorge Benjam\u00edn Gonz\u00e1lez Sauceda, subray\u00f3 la relevancia de esta obra para el crecimiento de los atletas locales.<\/p>\n\n\n\n<p>\u00abEstamos haciendo historia \u00bfpor qu\u00e9 lo considero as\u00ed?, porque es una unidad en la cual va a ser muy importante para todos los deportistas de aqu\u00ed de culiac\u00e1n\u00bb, dijo.<\/p>\n\n\n\n<p>Atletas y especialistas coincidieron en que este espacio representa una oportunidad hist\u00f3rica, ya que pocos estados cuentan con infraestructura de este nivel. Adem\u00e1s, permitir\u00e1 potenciar el rendimiento de deportistas locales que ya han destacado en competencias nacionales e internacionales, al brindarles condiciones adecuadas de entrenamiento.<\/p>\n\n\n\n<p>Este proyecto tambi\u00e9n se suma a una pol\u00edtica de impulso al deporte en el municipio, donde se han realizado diversas obras deportivas en colonias y sindicaturas, fortaleciendo la infraestructura y ampliando las oportunidades de desarrollo para ni\u00f1as, ni\u00f1os, j\u00f3venes y atletas.<\/p>\n\n\n\n<p>Con la Unidad Deportiva Inclusiva, Culiac\u00e1n avanza hacia una ciudad m\u00e1s equitativa, donde el deporte se convierte en una herramienta real de inclusi\u00f3n, desarrollo y orgullo para toda la comunidad.<\/p>\n","protected":false},"excerpt":{"rendered":"<p>\u201cSab\u00edamos que hac\u00eda falta y hoy comienza a ser una realidad\u201d: inicia construcci\u00f3n de un espacio \u00fanico en el Parque Culiac\u00e1n 87 Culiac\u00e1n, Sinaloa., a 28 de abril de 2026.\u2013 Culiac\u00e1n marca un momento hist\u00f3rico en materia de inclusi\u00f3n con el inicio de la Unidad Deportiva Inclusiva, la primera en su tipo en el estado, [&hellip;]<\/p>\n","protected":false},"author":2,"featured_media":65799,"comment_status":"closed","ping_status":"open","sticky":false,"template":"","format":"standard","meta":{"_mi_skip_tracking":false,"footnotes":""},"categories":[12],"tags":[],"class_list":["post-65798","post","type-post","status-publish","format-standard","has-post-thumbnail","hentry","category-ciudad"],"_links":{"self":[{"href":"https:\/\/www.puntociegoeditorial.com\/web\/wp-json\/wp\/v2\/posts\/65798","targetHints":{"allow":["GET"]}}],"collection":[{"href":"https:\/\/www.puntociegoeditorial.com\/web\/wp-json\/wp\/v2\/posts"}],"about":[{"href":"https:\/\/www.puntociegoeditorial.com\/web\/wp-json\/wp\/v2\/types\/post"}],"author":[{"embeddable":true,"href":"https:\/\/www.puntociegoeditorial.com\/web\/wp-json\/wp\/v2\/users\/2"}],"replies":[{"embeddable":true,"href":"https:\/\/www.puntociegoeditorial.com\/web\/wp-json\/wp\/v2\/comments?post=65798"}],"version-history":[{"count":1,"href":"https:\/\/www.puntociegoeditorial.com\/web\/wp-json\/wp\/v2\/posts\/65798\/revisions"}],"predecessor-version":[{"id":65800,"href":"https:\/\/www.puntociegoeditorial.com\/web\/wp-json\/wp\/v2\/posts\/65798\/revisions\/65800"}],"wp:featuredmedia":[{"embeddable":true,"href":"https:\/\/www.puntociegoeditorial.com\/web\/wp-json\/wp\/v2\/media\/65799"}],"wp:attachment":[{"href":"https:\/\/www.puntociegoeditorial.com\/web\/wp-json\/wp\/v2\/media?parent=65798"}],"wp:term":[{"taxonomy":"category","embeddable":true,"href":"https:\/\/www.puntociegoeditorial.com\/web\/wp-json\/wp\/v2\/categories?post=65798"},{"taxonomy":"post_tag","embeddable":true,"href":"https:\/\/www.puntociegoeditorial.com\/web\/wp-json\/wp\/v2\/tags?post=65798"}],"curies":[{"name":"wp","href":"https:\/\/api.w.org\/{rel}","templated":true}]}}