{"id":65805,"date":"2026-04-29T19:55:04","date_gmt":"2026-04-30T02:55:04","guid":{"rendered":"https:\/\/www.puntociegoeditorial.com\/web\/?p=65805"},"modified":"2026-04-29T19:55:04","modified_gmt":"2026-04-30T02:55:04","slug":"culiacan-da-un-paso-historico-juan-de-dios-gamez-coloca-primera-piedra-de-la-unidad-de-bienestar-animal","status":"publish","type":"post","link":"https:\/\/www.puntociegoeditorial.com\/web\/2026\/04\/29\/culiacan-da-un-paso-historico-juan-de-dios-gamez-coloca-primera-piedra-de-la-unidad-de-bienestar-animal\/","title":{"rendered":"Culiac\u00e1n da un paso hist\u00f3rico: Juan de Dios G\u00e1mez coloca primera piedra de la Unidad de Bienestar Animal"},"content":{"rendered":"\n<p><em>\u201cEs una deuda hist\u00f3rica con los animales\u201d: inicia construcci\u00f3n de un espacio integral para su protecci\u00f3n y cuidado donde se invierten m\u00e1s de 21 mdp<\/em><\/p>\n\n\n\n<p>Culiac\u00e1n, Sinaloa; a 29 de abril de 2026.\u2013 Con el compromiso de avanzar hacia una cultura de respeto y protecci\u00f3n animal, el alcalde de Culiac\u00e1n Juan de Dios G\u00e1mez coloc\u00f3 la primera piedra de la Unidad de Bienestar Animal, un proyecto sin precedentes en el estado que busca atender una deuda hist\u00f3rica con los derechos de los animales.<\/p>\n\n\n\n<p>Este nuevo espacio representa el primer paso hacia una pol\u00edtica p\u00fablica integral en materia de bienestar animal, al pasar del marco legal a acciones concretas que impacten en la vida diaria de la ciudadan\u00eda y de los animales.<\/p>\n\n\n\n<p>La obra contempla una inversi\u00f3n de 21 millones 153 mil pesos destinada a la construcci\u00f3n de una unidad integral.<\/p>\n\n\n\n<p>Adem\u00e1s de la infraestructura, este proyecto permitir\u00e1 articular el trabajo que actualmente realizan asociaciones civiles, fortaleciendo jornadas de esterilizaci\u00f3n, programas de adopci\u00f3n y campa\u00f1as de concientizaci\u00f3n desde un espacio digno y especializado.<\/p>\n\n\n\n<p>El alcalde destac\u00f3 la importancia de convertir en realidad un proyecto largamente esperado, que permita avanzar hacia una transformaci\u00f3n cultural en el municipio<\/p>\n\n\n\n<p>\u00abPor eso, esto es m\u00e1s que una obra, es el primer paso de algo tan significativo, 15 a\u00f1os picando piedra, que s\u00ed sirvieron para algo, nos dieron un marco de referencia, un marco jur\u00eddico, pero tambi\u00e9n nos llev\u00f3 a este momento, por eso les agradezco la compa\u00f1\u00eda, el seguimiento de este proyecto, puertas abiertas, fue construido tambi\u00e9n gracias a sus comentarios, a sus recomendaciones y a partir de aqu\u00ed, ahora que ya vamos a iniciar, pues m\u00e1s seguimiento porque tambi\u00e9n necesitamos seguir fortaleciendo estos v\u00ednculos que ya tenemos con estas fundaciones.\u00bb, expres\u00f3.<\/p>\n\n\n\n<p>Por su parte, Brenda Gonz\u00e1lez, presidenta de la Fundaci\u00f3n Huellita con Causa, reconoci\u00f3 la relevancia de concretar este proyecto.<\/p>\n\n\n\n<p>\u00abAgradezco al alcalde por este proyecto que ahora s\u00ed se lleve a cabo, que se concrete, porque eso habla de que se est\u00e9n haciendo las cosas a favor, s\u00ed de la sociedad pero tambi\u00e9n de los animales, los animales habitan este planeta igual que nosotros, el planeta, el mundo no nos pertenece, coexistimos con ellos, necesitamos vivir de manera armoniosa con ellos pero al ser una especie evolucionada, nosotros los humanos tenemos la responsabilidad de velar por su protecci\u00f3n, por sus derechos, tienen que hacerse v\u00e1lidos, tienen que protegerse\u00bb, asegur\u00f3.<\/p>\n\n\n\n<p>En el mismo sentido, Rebeca Uriarte, presidenta de Fundaci\u00f3n Laika, destac\u00f3 la trascendencia de este momento para la ciudad.<\/p>\n\n\n\n<p>\u00abHoy por eso es un d\u00eda especial, al ser la primera piedra de una unidad de bienestar animal en Culiac\u00e1n considero que es una deuda hist\u00f3rica que tenemos con los derechos y la vida de aquellos seres vulnerables que han venido sufriendo situaciones de violencia, crueldad, maltrato y de una sociedad que les hemos quedado a deber por falta de educaci\u00f3n, de cultura, de valores, de oportunidades.\u00bb, manifest\u00f3.<\/p>\n\n\n\n<p>Durante el evento estuvieron presentes los diputados locales Rodolfo Valenzuela S\u00e1nchez, Erika Mart\u00ednez Rodr\u00edguez, Kristiam Alexis Espinoza Garc\u00eda y Arely Berenice Ruiz L\u00f3pez, as\u00ed como regidoras, regidores y titulares de diversas \u00e1reas municipales.<\/p>\n\n\n\n<p>La creaci\u00f3n de esta unidad se suma a la reciente consolidaci\u00f3n de la Direcci\u00f3n de Bienestar Animal, lo que permitir\u00e1 contar con programas, presupuesto y personal especializado para atender esta problem\u00e1tica de manera permanente.<\/p>\n\n\n\n<p>A partir de este primer paso, el reto ser\u00e1 consolidar una atenci\u00f3n integral que no solo atienda el abandono y el maltrato, sino que tambi\u00e9n fortalezca la cultura de cuidado, adopci\u00f3n responsable y respeto hacia los animales, con la participaci\u00f3n activa de sociedad y autoridades.<\/p>\n\n\n\n<p><em>\u00c1REAS:<\/em><br>Recepci\u00f3n<br>\u00c1rea de adopci\u00f3n<br>\u00c1rea de gatos<br>\u00c1rea de perros<br>2 consultorios<br>\u00c1rea de esterilizaci\u00f3n<br>\u00c1rea de recuperaci\u00f3n<br>Farmacia<br>Laboratorio<br>\u00c1rea administrativa<br>\u00c1rea de sal\u00f3n\/aseo<br>\u00c1rea de aislamiento por enfermedades<br>Quir\u00f3fano<br>Sal\u00f3n de usos m\u00faltiples<br>C\u00e1mara de cremaci\u00f3n<br>10 jaulas con asoleadero individuales<br>3 jaulas grupales con asoleadero<br>\u00c1rea de almacenamiento y preparaci\u00f3n de alimentos<br>Asoleaderos grupales<\/p>\n","protected":false},"excerpt":{"rendered":"<p>\u201cEs una deuda hist\u00f3rica con los animales\u201d: inicia construcci\u00f3n de un espacio integral para su protecci\u00f3n y cuidado donde se invierten m\u00e1s de 21 mdp Culiac\u00e1n, Sinaloa; a 29 de abril de 2026.\u2013 Con el compromiso de avanzar hacia una cultura de respeto y protecci\u00f3n animal, el alcalde de Culiac\u00e1n Juan de Dios G\u00e1mez coloc\u00f3 [&hellip;]<\/p>\n","protected":false},"author":2,"featured_media":65806,"comment_status":"closed","ping_status":"open","sticky":false,"template":"","format":"standard","meta":{"_mi_skip_tracking":false,"footnotes":""},"categories":[12],"tags":[],"class_list":["post-65805","post","type-post","status-publish","format-standard","has-post-thumbnail","hentry","category-ciudad"],"_links":{"self":[{"href":"https:\/\/www.puntociegoeditorial.com\/web\/wp-json\/wp\/v2\/posts\/65805","targetHints":{"allow":["GET"]}}],"collection":[{"href":"https:\/\/www.puntociegoeditorial.com\/web\/wp-json\/wp\/v2\/posts"}],"about":[{"href":"https:\/\/www.puntociegoeditorial.com\/web\/wp-json\/wp\/v2\/types\/post"}],"author":[{"embeddable":true,"href":"https:\/\/www.puntociegoeditorial.com\/web\/wp-json\/wp\/v2\/users\/2"}],"replies":[{"embeddable":true,"href":"https:\/\/www.puntociegoeditorial.com\/web\/wp-json\/wp\/v2\/comments?post=65805"}],"version-history":[{"count":1,"href":"https:\/\/www.puntociegoeditorial.com\/web\/wp-json\/wp\/v2\/posts\/65805\/revisions"}],"predecessor-version":[{"id":65807,"href":"https:\/\/www.puntociegoeditorial.com\/web\/wp-json\/wp\/v2\/posts\/65805\/revisions\/65807"}],"wp:featuredmedia":[{"embeddable":true,"href":"https:\/\/www.puntociegoeditorial.com\/web\/wp-json\/wp\/v2\/media\/65806"}],"wp:attachment":[{"href":"https:\/\/www.puntociegoeditorial.com\/web\/wp-json\/wp\/v2\/media?parent=65805"}],"wp:term":[{"taxonomy":"category","embeddable":true,"href":"https:\/\/www.puntociegoeditorial.com\/web\/wp-json\/wp\/v2\/categories?post=65805"},{"taxonomy":"post_tag","embeddable":true,"href":"https:\/\/www.puntociegoeditorial.com\/web\/wp-json\/wp\/v2\/tags?post=65805"}],"curies":[{"name":"wp","href":"https:\/\/api.w.org\/{rel}","templated":true}]}}