{"id":65811,"date":"2026-04-29T19:58:38","date_gmt":"2026-04-30T02:58:38","guid":{"rendered":"https:\/\/www.puntociegoeditorial.com\/web\/?p=65811"},"modified":"2026-04-29T19:58:38","modified_gmt":"2026-04-30T02:58:38","slug":"se-formaliza-subsidio-a-las-tarifas-de-energia-electrica-en-sinaloa","status":"publish","type":"post","link":"https:\/\/www.puntociegoeditorial.com\/web\/2026\/04\/29\/se-formaliza-subsidio-a-las-tarifas-de-energia-electrica-en-sinaloa\/","title":{"rendered":"Se formaliza subsidio a las tarifas de energ\u00eda el\u00e9ctrica en Sinaloa"},"content":{"rendered":"\n<p><em>El gobernador Rocha encabeza reuni\u00f3n con directivos de la CFE; se aplicar\u00e1 del 1 de mayo y al 31 de octubre de 2026<\/em><\/p>\n\n\n\n<p><em>Se beneficiar\u00e1n 588 mil 847 familias sinaloenses<\/em><\/p>\n\n\n\n<p>Culiac\u00e1n, Sinaloa, a 29 de abril de 2026.- A partir del pr\u00f3ximo 1 de Mayo y hasta el 31 de Octubre de este a\u00f1o, se aplicar\u00e1 en Sinaloa un subsidio a las tarifas de energ\u00eda el\u00e9ctrica, de acuerdo con el convenio que se firm\u00f3 este jueves para formalizar el apoyo.<\/p>\n\n\n\n<p>El gobernador Rub\u00e9n Rocha Moya encabez\u00f3 la reuni\u00f3n junto con directivos de la CFE como el gerente de Distribuci\u00f3n Divisi\u00f3n Noroeste, Hugo Mart\u00ednez Lendechy, y el encargado temporal de la Subgerencia Comercial, Emanuel Abril Herrera.<\/p>\n\n\n\n<p>El beneficio es para usuarios dom\u00e9sticos de todo el estado y significa un gran ahorro para 588 mil 847 familias sinaloenses.<\/p>\n\n\n\n<p>Adem\u00e1s, asistieron la Secretaria de Gobierno, Yeraldine Bonilla Valverde; el Secretario de Administraci\u00f3n y Finanzas, Joaqu\u00edn Alberto Landeros Guicho, y la Secretaria de Transparencia y Rendici\u00f3n de Cuentas, Sandra Guadalupe Angulo C\u00e1zarez.<\/p>\n","protected":false},"excerpt":{"rendered":"<p>El gobernador Rocha encabeza reuni\u00f3n con directivos de la CFE; se aplicar\u00e1 del 1 de mayo y al 31 de octubre de 2026 Se beneficiar\u00e1n 588 mil 847 familias sinaloenses Culiac\u00e1n, Sinaloa, a 29 de abril de 2026.- A partir del pr\u00f3ximo 1 de Mayo y hasta el 31 de Octubre de este a\u00f1o, se [&hellip;]<\/p>\n","protected":false},"author":2,"featured_media":65812,"comment_status":"closed","ping_status":"open","sticky":false,"template":"","format":"standard","meta":{"_mi_skip_tracking":false,"footnotes":""},"categories":[13],"tags":[],"class_list":["post-65811","post","type-post","status-publish","format-standard","has-post-thumbnail","hentry","category-sinaloa"],"_links":{"self":[{"href":"https:\/\/www.puntociegoeditorial.com\/web\/wp-json\/wp\/v2\/posts\/65811","targetHints":{"allow":["GET"]}}],"collection":[{"href":"https:\/\/www.puntociegoeditorial.com\/web\/wp-json\/wp\/v2\/posts"}],"about":[{"href":"https:\/\/www.puntociegoeditorial.com\/web\/wp-json\/wp\/v2\/types\/post"}],"author":[{"embeddable":true,"href":"https:\/\/www.puntociegoeditorial.com\/web\/wp-json\/wp\/v2\/users\/2"}],"replies":[{"embeddable":true,"href":"https:\/\/www.puntociegoeditorial.com\/web\/wp-json\/wp\/v2\/comments?post=65811"}],"version-history":[{"count":1,"href":"https:\/\/www.puntociegoeditorial.com\/web\/wp-json\/wp\/v2\/posts\/65811\/revisions"}],"predecessor-version":[{"id":65813,"href":"https:\/\/www.puntociegoeditorial.com\/web\/wp-json\/wp\/v2\/posts\/65811\/revisions\/65813"}],"wp:featuredmedia":[{"embeddable":true,"href":"https:\/\/www.puntociegoeditorial.com\/web\/wp-json\/wp\/v2\/media\/65812"}],"wp:attachment":[{"href":"https:\/\/www.puntociegoeditorial.com\/web\/wp-json\/wp\/v2\/media?parent=65811"}],"wp:term":[{"taxonomy":"category","embeddable":true,"href":"https:\/\/www.puntociegoeditorial.com\/web\/wp-json\/wp\/v2\/categories?post=65811"},{"taxonomy":"post_tag","embeddable":true,"href":"https:\/\/www.puntociegoeditorial.com\/web\/wp-json\/wp\/v2\/tags?post=65811"}],"curies":[{"name":"wp","href":"https:\/\/api.w.org\/{rel}","templated":true}]}}