{"id":65819,"date":"2026-04-29T20:34:15","date_gmt":"2026-04-30T03:34:15","guid":{"rendered":"https:\/\/www.puntociegoeditorial.com\/web\/?p=65819"},"modified":"2026-04-29T20:34:15","modified_gmt":"2026-04-30T03:34:15","slug":"fgr-fija-postura-sobre-el-caso-sinaloa-solicitud-de-ee-uu-carece-de-pruebas-y-viola-protocolos-de-confidencialidad-internacionales","status":"publish","type":"post","link":"https:\/\/www.puntociegoeditorial.com\/web\/2026\/04\/29\/fgr-fija-postura-sobre-el-caso-sinaloa-solicitud-de-ee-uu-carece-de-pruebas-y-viola-protocolos-de-confidencialidad-internacionales\/","title":{"rendered":"FGR fija postura sobre el caso Sinaloa: Solicitud de EE. UU. carece de pruebas y viola protocolos de confidencialidad internacionales"},"content":{"rendered":"\n<p>Ciudad de M\u00e9xico, 29 de abril de 2026.- Ante la informaci\u00f3n difundida recientemente por autoridades de los Estados Unidos respecto a funcionarios y exfuncionarios del estado de Sinaloa, entre ellos el gobernador Rub\u00e9n Rocha Moya, la Fiscal\u00eda General de la Rep\u00fablica (FGR) ha emitido un posicionamiento oficial que desestima la viabilidad inmediata de las solicitudes de detenci\u00f3n debido a graves deficiencias probatorias y procedimentales por parte del pa\u00eds vecino.<\/p>\n\n\n\n<p>A trav\u00e9s del Dr. Ulises Lara L\u00f3pez, Fiscal Especial en Investigaci\u00f3n de Asuntos Relevantes y vocero de la FGR, el gobierno federal dej\u00f3 claro que la actuaci\u00f3n de M\u00e9xico se apegar\u00e1 estrictamente a la legalidad, la soberan\u00eda nacional y la presunci\u00f3n de inocencia, destacando los siguientes puntos clave que desmienten la inminencia de cualquier acci\u00f3n penal contra el mandatario estatal:<\/p>\n\n\n\n<ol class=\"wp-block-list\">\n<li>Inexistencia de pruebas contundentes<\/li>\n<\/ol>\n\n\n\n<p>La FGR subray\u00f3 que, de acuerdo con la legislaci\u00f3n mexicana y el tratado bilateral de extradici\u00f3n, no basta con emitir una acusaci\u00f3n para proceder con una detenci\u00f3n. La autoridad federal fue categ\u00f3rica al precisar que la solicitud enviada por el gobierno estadounidense \u00abno se acompa\u00f1a de elementos probatorios suficientes que aporten evidencias contundentes respecto de los hechos narrados\u00bb. Sin datos de prueba reales que infieran la comisi\u00f3n de un delito, no existe fundamento legal en M\u00e9xico para solicitar \u00f3rdenes de aprehensi\u00f3n.<\/p>\n\n\n\n<ol start=\"2\" class=\"wp-block-list\">\n<li>Violaci\u00f3n a la confidencialidad por parte de EE. UU.<\/li>\n<\/ol>\n\n\n\n<p>La Fiscal\u00eda evidenci\u00f3 una grave contradicci\u00f3n y falta a los protocolos internacionales por parte de las autoridades estadounidenses. Mientras que la propia solicitud de EE. UU. exig\u00eda al Gobierno de M\u00e9xico mantener estricta reserva y no divulgar la informaci\u00f3n \u2014advirtiendo que hacerlo ir\u00eda en detrimento de los procedimientos penales\u2014, fueron las propias autoridades del pa\u00eds vecino quienes filtraron el caso al dominio p\u00fablico. La FGR record\u00f3 que esto representa una violaci\u00f3n directa a la Convenci\u00f3n de Viena de Relaciones Diplom\u00e1ticas, la cual mandata que esta documentaci\u00f3n debe manejarse con car\u00e1cter estrictamente confidencial.<\/p>\n\n\n\n<ol start=\"3\" class=\"wp-block-list\">\n<li>Inmunidad procesal y respeto a la soberan\u00eda<\/li>\n<\/ol>\n\n\n\n<p>La FGR record\u00f3 que la figura del gobernador del estado est\u00e1 protegida por la Constituci\u00f3n. La legislaci\u00f3n mexicana establece claramente que, para proceder penalmente contra un mandatario estatal, es requisito indispensable iniciar primero un juicio de procedencia para retirar la inmunidad procesal (fuero). Saltarse este paso representar\u00eda una violaci\u00f3n al Estado de Derecho.<\/p>\n\n\n\n<p>Pr\u00f3ximos pasos<\/p>\n\n\n\n<p>La Fiscal\u00eda General de la Rep\u00fablica iniciar\u00e1 una investigaci\u00f3n paralela para recabar informaci\u00f3n propia, pero reiter\u00f3 que su obligaci\u00f3n primordial es proteger los derechos y garant\u00edas inalienables de las personas requeridas.<\/p>\n\n\n\n<p>El posicionamiento de la FGR respalda el derecho al debido proceso de los funcionarios se\u00f1alados y concluye con una m\u00e1xima que regir\u00e1 el actuar del gobierno mexicano frente a las presiones extranjeras: \u00abAl margen de la ley, nada. Por encima de la ley, nadie.\u00bb<\/p>\n","protected":false},"excerpt":{"rendered":"<p>Ciudad de M\u00e9xico, 29 de abril de 2026.- Ante la informaci\u00f3n difundida recientemente por autoridades de los Estados Unidos respecto a funcionarios y exfuncionarios del estado de Sinaloa, entre ellos el gobernador Rub\u00e9n Rocha Moya, la Fiscal\u00eda General de la Rep\u00fablica (FGR) ha emitido un posicionamiento oficial que desestima la viabilidad inmediata de las solicitudes [&hellip;]<\/p>\n","protected":false},"author":2,"featured_media":65820,"comment_status":"closed","ping_status":"open","sticky":false,"template":"","format":"standard","meta":{"_mi_skip_tracking":false,"footnotes":""},"categories":[13],"tags":[],"class_list":["post-65819","post","type-post","status-publish","format-standard","has-post-thumbnail","hentry","category-sinaloa"],"_links":{"self":[{"href":"https:\/\/www.puntociegoeditorial.com\/web\/wp-json\/wp\/v2\/posts\/65819","targetHints":{"allow":["GET"]}}],"collection":[{"href":"https:\/\/www.puntociegoeditorial.com\/web\/wp-json\/wp\/v2\/posts"}],"about":[{"href":"https:\/\/www.puntociegoeditorial.com\/web\/wp-json\/wp\/v2\/types\/post"}],"author":[{"embeddable":true,"href":"https:\/\/www.puntociegoeditorial.com\/web\/wp-json\/wp\/v2\/users\/2"}],"replies":[{"embeddable":true,"href":"https:\/\/www.puntociegoeditorial.com\/web\/wp-json\/wp\/v2\/comments?post=65819"}],"version-history":[{"count":1,"href":"https:\/\/www.puntociegoeditorial.com\/web\/wp-json\/wp\/v2\/posts\/65819\/revisions"}],"predecessor-version":[{"id":65821,"href":"https:\/\/www.puntociegoeditorial.com\/web\/wp-json\/wp\/v2\/posts\/65819\/revisions\/65821"}],"wp:featuredmedia":[{"embeddable":true,"href":"https:\/\/www.puntociegoeditorial.com\/web\/wp-json\/wp\/v2\/media\/65820"}],"wp:attachment":[{"href":"https:\/\/www.puntociegoeditorial.com\/web\/wp-json\/wp\/v2\/media?parent=65819"}],"wp:term":[{"taxonomy":"category","embeddable":true,"href":"https:\/\/www.puntociegoeditorial.com\/web\/wp-json\/wp\/v2\/categories?post=65819"},{"taxonomy":"post_tag","embeddable":true,"href":"https:\/\/www.puntociegoeditorial.com\/web\/wp-json\/wp\/v2\/tags?post=65819"}],"curies":[{"name":"wp","href":"https:\/\/api.w.org\/{rel}","templated":true}]}}