{"id":65826,"date":"2026-04-29T20:37:05","date_gmt":"2026-04-30T03:37:05","guid":{"rendered":"https:\/\/www.puntociegoeditorial.com\/web\/?p=65826"},"modified":"2026-04-29T20:37:05","modified_gmt":"2026-04-30T03:37:05","slug":"antes-no-podiamos-ni-caminar-hoy-familias-de-culiacan-estrenan-calles-pavimentadas","status":"publish","type":"post","link":"https:\/\/www.puntociegoeditorial.com\/web\/2026\/04\/29\/antes-no-podiamos-ni-caminar-hoy-familias-de-culiacan-estrenan-calles-pavimentadas\/","title":{"rendered":"\u201cAntes no pod\u00edamos ni caminar\u201d: hoy familias de Culiac\u00e1n estrenan calles pavimentadas"},"content":{"rendered":"\n<p><em>Con una inversi\u00f3n superior a 13.4 millones de pesos, el Ayuntamiento mejora la movilidad y calidad de vida en Vista Hermosa y 5 de Febrero<\/em><\/p>\n\n\n\n<p>Culiac\u00e1n, Sin., a 29 de abril de 2026.- Como parte del paquete de obras de pavimentaci\u00f3n que sigue impulsando el alcalde Juan de Dios G\u00e1mez Mend\u00edvil, el Ayuntamiento de Culiac\u00e1n llev\u00f3 a cabo la entrega de 9 calles pavimentadas en las colonias Vista Hermosa y 5 de Febrero, beneficiando directamente a cientos de familias.<\/p>\n\n\n\n<p>En la colonia Vista Hermosa se pavimentaron las calles 346 y 347, con una longitud de 257.79 metros lineales, mediante una inversi\u00f3n de 6 millones 956 mil 924 pesos.<\/p>\n\n\n\n<p>Tambi\u00e9n en la colonia 5 de Febrero se entregaron las calles 348 a la 354, sumando un total de 1,351.63 metros lineales, con una inversi\u00f3n de 6 millones 492 mil 48 pesos.<\/p>\n\n\n\n<p>Estas obras contemplan infraestructura integral que incluye pavimentaci\u00f3n, banquetas y alumbrado p\u00fablico, mejorando significativamente la movilidad, seguridad y condiciones de vida de las y los habitantes.<\/p>\n\n\n\n<p>Vecinos de ambos sectores reconocieron el impacto positivo de estas acciones. Mar\u00eda de la Luz Valenzuela Torres, de la colonia Vista Hermosa, destac\u00f3:<\/p>\n\n\n\n<p>\u201cMuy bien que estuvieron estas obras, porque aparte nos hicieron hasta las banquetas y no tuvimos que pagar nada. Gracias al presidente municipal y a todo el Ayuntamiento. Todo est\u00e1 muy bien, el alumbrado tambi\u00e9n. Antes no pod\u00edamos ni caminar, menos los carros; cuando llov\u00eda bajaba mucha piedra, tierra y arena, se hac\u00eda un arroyo grande y despu\u00e9s quedaba un piedrero. Ahora, gracias a esta obra, ese problema se nos va a quitar. Muchas gracias y que sigan adelante haciendo bien las cosas\u201d.<\/p>\n\n\n\n<p>Asimismo, Julio C\u00e9sar Trujillo Angulo, vecino de la colonia 5 de Febrero, expres\u00f3 su j\u00fabilo por las nuevas vialidades.<\/p>\n\n\n\n<p>\u201cYo podr\u00eda darles un premio por todo esto para que nos sigan ayudando con todo Culiac\u00e1n, Sinaloa, muchas gracias por nuestras calles\u201d.<\/p>\n\n\n\n<p>Durante el evento, se cont\u00f3 con la presencia del secretario del Ayuntamiento, Jos\u00e9 Ernesto Pe\u00f1uelas Castellanos, y de la secretaria de Obras y Servicios P\u00fablicos, Mar\u00eda del Carmen Morales Donada, quienes acudieron en representaci\u00f3n del alcalde, reiterando el compromiso de atender de manera directa las necesidades de la ciudadan\u00eda.<\/p>\n\n\n\n<p>En el lugar tambi\u00e9n participaron titulares de diversas \u00e1reas municipales como Sindicatura de Procuraci\u00f3n, JAPAC, Secretar\u00eda de Bienestar Culiac\u00e1n, Parques y Jardines, IMDEC, Desarrollo Urbano Sustentable, INMUVI, Sedecom, la Direcci\u00f3n General de Servicios P\u00fablicos, la Direcci\u00f3n de Panteones, as\u00ed como regidores, quienes escucharon a las y los colonos, atendieron sus inquietudes y se llevaron solicitudes para trabajar en ellas.<\/p>\n\n\n\n<p>El Ayuntamiento mantiene el trabajo cercano en las colonias, no solo con obras, sino brindando atenci\u00f3n directa a los ciudadanos y dando continuidad a las necesidades planteadas por las y los culiacanenses.<\/p>\n","protected":false},"excerpt":{"rendered":"<p>Con una inversi\u00f3n superior a 13.4 millones de pesos, el Ayuntamiento mejora la movilidad y calidad de vida en Vista Hermosa y 5 de Febrero Culiac\u00e1n, Sin., a 29 de abril de 2026.- Como parte del paquete de obras de pavimentaci\u00f3n que sigue impulsando el alcalde Juan de Dios G\u00e1mez Mend\u00edvil, el Ayuntamiento de Culiac\u00e1n [&hellip;]<\/p>\n","protected":false},"author":2,"featured_media":65827,"comment_status":"closed","ping_status":"open","sticky":false,"template":"","format":"standard","meta":{"_mi_skip_tracking":false,"footnotes":""},"categories":[12],"tags":[],"class_list":["post-65826","post","type-post","status-publish","format-standard","has-post-thumbnail","hentry","category-ciudad"],"_links":{"self":[{"href":"https:\/\/www.puntociegoeditorial.com\/web\/wp-json\/wp\/v2\/posts\/65826","targetHints":{"allow":["GET"]}}],"collection":[{"href":"https:\/\/www.puntociegoeditorial.com\/web\/wp-json\/wp\/v2\/posts"}],"about":[{"href":"https:\/\/www.puntociegoeditorial.com\/web\/wp-json\/wp\/v2\/types\/post"}],"author":[{"embeddable":true,"href":"https:\/\/www.puntociegoeditorial.com\/web\/wp-json\/wp\/v2\/users\/2"}],"replies":[{"embeddable":true,"href":"https:\/\/www.puntociegoeditorial.com\/web\/wp-json\/wp\/v2\/comments?post=65826"}],"version-history":[{"count":1,"href":"https:\/\/www.puntociegoeditorial.com\/web\/wp-json\/wp\/v2\/posts\/65826\/revisions"}],"predecessor-version":[{"id":65828,"href":"https:\/\/www.puntociegoeditorial.com\/web\/wp-json\/wp\/v2\/posts\/65826\/revisions\/65828"}],"wp:featuredmedia":[{"embeddable":true,"href":"https:\/\/www.puntociegoeditorial.com\/web\/wp-json\/wp\/v2\/media\/65827"}],"wp:attachment":[{"href":"https:\/\/www.puntociegoeditorial.com\/web\/wp-json\/wp\/v2\/media?parent=65826"}],"wp:term":[{"taxonomy":"category","embeddable":true,"href":"https:\/\/www.puntociegoeditorial.com\/web\/wp-json\/wp\/v2\/categories?post=65826"},{"taxonomy":"post_tag","embeddable":true,"href":"https:\/\/www.puntociegoeditorial.com\/web\/wp-json\/wp\/v2\/tags?post=65826"}],"curies":[{"name":"wp","href":"https:\/\/api.w.org\/{rel}","templated":true}]}}