{"id":65861,"date":"2026-04-30T22:08:01","date_gmt":"2026-05-01T05:08:01","guid":{"rendered":"https:\/\/www.puntociegoeditorial.com\/web\/?p=65861"},"modified":"2026-04-30T22:08:01","modified_gmt":"2026-05-01T05:08:01","slug":"mas-de-20-mil-personas-se-reunen-en-la-explanada-de-palacio-de-gobierno-para-celebrar-a-la-ninez-sinaloense","status":"publish","type":"post","link":"https:\/\/www.puntociegoeditorial.com\/web\/2026\/04\/30\/mas-de-20-mil-personas-se-reunen-en-la-explanada-de-palacio-de-gobierno-para-celebrar-a-la-ninez-sinaloense\/","title":{"rendered":"M\u00e1s de 20 mil personas se re\u00fanen en la Explanada de Palacio de Gobierno para celebrar a la ni\u00f1ez sinaloense"},"content":{"rendered":"\n<p><em>Las familias disfrutaron de la gran fiesta de la ni\u00f1ez, misma que estuvo encabezada por la Dra. Eneyda Rocha Ruiz, quien les dese\u00f3 a todas las ni\u00f1as y ni\u00f1os un feliz d\u00eda<\/em><\/p>\n\n\n\n<p><em>Culiac\u00e1n, Sinaloa a 30 de abril del 2026.\u2013<\/em> Con un ambiente totalmente familiar el d\u00eda de hoy en el marco del D\u00eda de la Ni\u00f1ez, el Gobierno del Estado y el Sistema DIF Sinaloa que encabeza la Dra. Eneyda Rocha Ruiz, festejaron a las ni\u00f1as y ni\u00f1os sinaloenses con la realizaci\u00f3n de un magno concierto en donde se congreraron m\u00e1s de 20 mil asistentes quienes disfrutaron del show Musical Piccolos y la estrella infantil Luli Pamp\u00edn.<\/p>\n\n\n\n<p>Este evento gratuito para los miles de ni\u00f1as y ni\u00f1os, as\u00ed como para los padres de familia responde a la visi\u00f3n humanista del Dr. Rub\u00e9n Rocha Moya y de la Dra. Eneyda Rocha Ruiz al colocar como prioridad el bienestar de las infancias, con entornos seguros, incluyentes y de oportunidades para todas y todos.<\/p>\n\n\n\n<p>El gran festejo inici\u00f3 a las 4:00 de la tarde, con la recepci\u00f3n de familias, donde ni\u00f1as y ni\u00f1os disfrutaron de snacks, regalos, comida, juegos mec\u00e1nicos y diversas sorpresas para propiciar momentos de alegr\u00eda, convivencia y de uni\u00f3n familiar. Como parte del programa, las ni\u00f1as y ni\u00f1os disfrutaron del Show Musical de Piccolos, ofreciendo un ambiente din\u00e1mico, participativo y lleno de entusiasmo, en el que la m\u00fasica y la interacci\u00f3n fueron los protagonistas.<\/p>\n\n\n\n<p>El momento estelar se vivi\u00f3 a las 6:00 de la tarde, con la presentaci\u00f3n del espect\u00e1culo de la estrella internacional Luli Pamp\u00edn, reconocida artista y cantante infantil de origen argentino, quien puso a cantar, bailar y disfrutar tanto a chicos como a grandes con sus \u00e9xitos que promueven valores, h\u00e1bitos positivos y aprendizaje a trav\u00e9s de la m\u00fasica y el juego did\u00e1ctico. Durante su presentaci\u00f3n, Luli Pamp\u00edn dio la bienvenida a las familias sinaloenses y, con gran entusiasmo, interpret\u00f3 algunas de sus canciones m\u00e1s populares como \u201cCamino por la selva\u201d, \u201cAram sam sam\u201d, \u201cSasa la serpiente\u201d y \u201cA mi burro le duele la cabeza\u201d, generando un ambiente de alegr\u00eda y participaci\u00f3n familiar.<\/p>\n\n\n\n<p>Esta actividad se realiz\u00f3 con el trabajo coordinado de los cuerpos de auxilio e instituciones de seguridady mantenimiento de vigilancia permanente para garantizar un entorno seguro para las familias asistentes, destacamos la participaci\u00f3n de 390 elementos de seguridad de las coportaciones del Ej\u00e9rcito M\u00e9xicano, Guardia Nacional, Elementos de la Marina, Secretar\u00eda de Seguridad y Protecci\u00f3n Ciudadana, Secretaria de Seguridad P\u00fablica del Estado, Secretar\u00eda de Seguridad P\u00fablia y Tr\u00e1nsito Muncipal, Secretar\u00eda de Vialidad. Asimismo apoyaron 87 elementos de los cuerpos de emergencia con la participaci\u00f3n de Protecci\u00f3n Civil Estatal, Protecci\u00f3n Civil Municipal, Cruz Roja, Bomberos de Culiac\u00e1n, Bomberos Veteranos, CRUM y Secretar\u00eda de Salud.<\/p>\n\n\n\n<p>Este tipo de eventos reflejan el compromiso del Gobierno del Estado y del Sistema DIF Sinaloa por impulsar actividades que no solo entretienen, sino que tambi\u00e9n educan, inspiran y generan recuerdos significativos en cada ni\u00f1a y en cada ni\u00f1o. La celebraci\u00f3n del D\u00eda de la Ni\u00f1ez en Sinaloa se consolid\u00f3 como un evento de alto impacto que reconoce a las infancias como el presente y futuro en el estado.<\/p>\n","protected":false},"excerpt":{"rendered":"<p>Las familias disfrutaron de la gran fiesta de la ni\u00f1ez, misma que estuvo encabezada por la Dra. Eneyda Rocha Ruiz, quien les dese\u00f3 a todas las ni\u00f1as y ni\u00f1os un feliz d\u00eda Culiac\u00e1n, Sinaloa a 30 de abril del 2026.\u2013 Con un ambiente totalmente familiar el d\u00eda de hoy en el marco del D\u00eda de [&hellip;]<\/p>\n","protected":false},"author":2,"featured_media":65862,"comment_status":"closed","ping_status":"open","sticky":false,"template":"","format":"standard","meta":{"_mi_skip_tracking":false,"footnotes":""},"categories":[12],"tags":[],"class_list":["post-65861","post","type-post","status-publish","format-standard","has-post-thumbnail","hentry","category-ciudad"],"_links":{"self":[{"href":"https:\/\/www.puntociegoeditorial.com\/web\/wp-json\/wp\/v2\/posts\/65861","targetHints":{"allow":["GET"]}}],"collection":[{"href":"https:\/\/www.puntociegoeditorial.com\/web\/wp-json\/wp\/v2\/posts"}],"about":[{"href":"https:\/\/www.puntociegoeditorial.com\/web\/wp-json\/wp\/v2\/types\/post"}],"author":[{"embeddable":true,"href":"https:\/\/www.puntociegoeditorial.com\/web\/wp-json\/wp\/v2\/users\/2"}],"replies":[{"embeddable":true,"href":"https:\/\/www.puntociegoeditorial.com\/web\/wp-json\/wp\/v2\/comments?post=65861"}],"version-history":[{"count":1,"href":"https:\/\/www.puntociegoeditorial.com\/web\/wp-json\/wp\/v2\/posts\/65861\/revisions"}],"predecessor-version":[{"id":65863,"href":"https:\/\/www.puntociegoeditorial.com\/web\/wp-json\/wp\/v2\/posts\/65861\/revisions\/65863"}],"wp:featuredmedia":[{"embeddable":true,"href":"https:\/\/www.puntociegoeditorial.com\/web\/wp-json\/wp\/v2\/media\/65862"}],"wp:attachment":[{"href":"https:\/\/www.puntociegoeditorial.com\/web\/wp-json\/wp\/v2\/media?parent=65861"}],"wp:term":[{"taxonomy":"category","embeddable":true,"href":"https:\/\/www.puntociegoeditorial.com\/web\/wp-json\/wp\/v2\/categories?post=65861"},{"taxonomy":"post_tag","embeddable":true,"href":"https:\/\/www.puntociegoeditorial.com\/web\/wp-json\/wp\/v2\/tags?post=65861"}],"curies":[{"name":"wp","href":"https:\/\/api.w.org\/{rel}","templated":true}]}}