{"id":65872,"date":"2026-04-30T22:14:03","date_gmt":"2026-05-01T05:14:03","guid":{"rendered":"https:\/\/www.puntociegoeditorial.com\/web\/?p=65872"},"modified":"2026-04-30T22:14:03","modified_gmt":"2026-05-01T05:14:03","slug":"mas-de-20-mil-asistentes-celebran-el-dia-de-la-ninez-sinaloense-en-palacio-de-gobierno","status":"publish","type":"post","link":"https:\/\/www.puntociegoeditorial.com\/web\/2026\/04\/30\/mas-de-20-mil-asistentes-celebran-el-dia-de-la-ninez-sinaloense-en-palacio-de-gobierno\/","title":{"rendered":"M\u00e1s de 20 mil asistentes celebran el D\u00eda de la Ni\u00f1ez Sinaloense, en Palacio de Gobierno"},"content":{"rendered":"\n<p><em>Elementos de Seguridad Estatal, Marina, Protecci\u00f3n Civil y de Tr\u00e1nsito, resguardan la zona para la seguridad de las miles de familias que acudieron al concierto<\/em><\/p>\n\n\n\n<p>Culiac\u00e1n, Sinaloa; 30 de abril de 2026.- En un ambiente totalmente familiar se llev\u00f3 a cabo el festejo de la ni\u00f1ez sinaloense , con un concierto organizado por el Sistema DIF y el Gobierno del Estado que reuni\u00f3 a m\u00e1s de 20 mil asistentes, en la explanada de la Unidad Administrativa quienes disfrutaron del Show Musical de Piccolos y la estrella musical Luli Pampin.<\/p>\n\n\n\n<p>Este evento gratuito para los miles de ni\u00f1as y ni\u00f1os, as\u00ed como padres de familia que llenaron la explanada c\u00edvica, tuvo como atractivos una serie de juegos mec\u00e1nicos y snacks que fueron el deleite de las y los peque\u00f1os.<\/p>\n\n\n\n<p>Esta celebraci\u00f3n para festejar a la ni\u00f1ez sinaloense estuvo enmarcada en un operativo de seguridad de los 3 niveles de gobierno para el resguardo de los miles de personas y peque\u00f1os que se dieron cita este 30 de abril.<\/p>\n","protected":false},"excerpt":{"rendered":"<p>Elementos de Seguridad Estatal, Marina, Protecci\u00f3n Civil y de Tr\u00e1nsito, resguardan la zona para la seguridad de las miles de familias que acudieron al concierto Culiac\u00e1n, Sinaloa; 30 de abril de 2026.- En un ambiente totalmente familiar se llev\u00f3 a cabo el festejo de la ni\u00f1ez sinaloense , con un concierto organizado por el Sistema [&hellip;]<\/p>\n","protected":false},"author":2,"featured_media":65873,"comment_status":"closed","ping_status":"open","sticky":false,"template":"","format":"standard","meta":{"_mi_skip_tracking":false,"footnotes":""},"categories":[12],"tags":[],"class_list":["post-65872","post","type-post","status-publish","format-standard","has-post-thumbnail","hentry","category-ciudad"],"_links":{"self":[{"href":"https:\/\/www.puntociegoeditorial.com\/web\/wp-json\/wp\/v2\/posts\/65872","targetHints":{"allow":["GET"]}}],"collection":[{"href":"https:\/\/www.puntociegoeditorial.com\/web\/wp-json\/wp\/v2\/posts"}],"about":[{"href":"https:\/\/www.puntociegoeditorial.com\/web\/wp-json\/wp\/v2\/types\/post"}],"author":[{"embeddable":true,"href":"https:\/\/www.puntociegoeditorial.com\/web\/wp-json\/wp\/v2\/users\/2"}],"replies":[{"embeddable":true,"href":"https:\/\/www.puntociegoeditorial.com\/web\/wp-json\/wp\/v2\/comments?post=65872"}],"version-history":[{"count":1,"href":"https:\/\/www.puntociegoeditorial.com\/web\/wp-json\/wp\/v2\/posts\/65872\/revisions"}],"predecessor-version":[{"id":65874,"href":"https:\/\/www.puntociegoeditorial.com\/web\/wp-json\/wp\/v2\/posts\/65872\/revisions\/65874"}],"wp:featuredmedia":[{"embeddable":true,"href":"https:\/\/www.puntociegoeditorial.com\/web\/wp-json\/wp\/v2\/media\/65873"}],"wp:attachment":[{"href":"https:\/\/www.puntociegoeditorial.com\/web\/wp-json\/wp\/v2\/media?parent=65872"}],"wp:term":[{"taxonomy":"category","embeddable":true,"href":"https:\/\/www.puntociegoeditorial.com\/web\/wp-json\/wp\/v2\/categories?post=65872"},{"taxonomy":"post_tag","embeddable":true,"href":"https:\/\/www.puntociegoeditorial.com\/web\/wp-json\/wp\/v2\/tags?post=65872"}],"curies":[{"name":"wp","href":"https:\/\/api.w.org\/{rel}","templated":true}]}}