{"id":65892,"date":"2026-05-01T22:25:06","date_gmt":"2026-05-02T05:25:06","guid":{"rendered":"https:\/\/www.puntociegoeditorial.com\/web\/?p=65892"},"modified":"2026-05-01T22:25:06","modified_gmt":"2026-05-02T05:25:06","slug":"ultima-hora-gobernador-rocha-moya-solicita-licencia-ante-el-congreso-del-estado-para-separarse-temporalmente-del-cargo","status":"publish","type":"post","link":"https:\/\/www.puntociegoeditorial.com\/web\/2026\/05\/01\/ultima-hora-gobernador-rocha-moya-solicita-licencia-ante-el-congreso-del-estado-para-separarse-temporalmente-del-cargo\/","title":{"rendered":"ULTIMA HORA  Gobernador Rocha Moya solicita licencia ante el Congreso del Estado para separarse temporalmente del cargo"},"content":{"rendered":"\n<p><em>Dijo que lo hace desde su profunda convicci\u00f3n republicana, con la conciencia tranquila, y para no interferir en las investigaciones que inici\u00f3 la Fiscal\u00eda General de la Rep\u00fablica<\/em><\/p>\n\n\n\n<p>Culiac\u00e1n, Sinaloa, a 1 de mayo de 2026.- En un mensaje al pueblo de Sinaloa la noche de este viernes, el gobernador Rub\u00e9n Rocha Moya dio a conocer que acaba de solicitar al Congreso del Estado licencia para separarse temporalmente de su cargo, mientras duran las investigaciones que ya inici\u00f3 la Fiscal\u00eda General de la Rep\u00fablica, y precis\u00f3 que lo hace desde su profunda convicci\u00f3n republicana, con la conciencia tranquila, y pudiendo ver de frente a su familia y al pueblo de Sinaloa, porque nunca los ha traicionado ni los traicionar\u00e1 jam\u00e1s.<\/p>\n\n\n\n<p>Desde su despacho de Palacio de Gobierno, el mandatario estatal dirigi\u00f3 un breve mensaje, en el cual dio a conocer su decisi\u00f3n de pedir licencia, en el cual adem\u00e1s puntualiz\u00f3 que no permitir\u00e1 que utilicen su imagen para da\u00f1ar al movimiento pol\u00edtico al cual pertenece.<\/p>\n\n\n\n<p>\u201cAnte el anuncio que hace el d\u00eda de hoy la Fiscal\u00eda General de la Rep\u00fablica, respecto al inicio de un proceso de investigaci\u00f3n en Sinaloa, me dirijo al pueblo de este gran estado para manifestar lo siguiente:\u201d<\/p>\n\n\n\n<p>\u201cUno, tengo la conciencia tranquila, una vida de trabajo respalda mis palabras, lo digo clara y contundentemente, son falsas y dolosas las acusaciones que se han vertido en mi contra\u201d.<\/p>\n\n\n\n<p>\u201cA mi pueblo y a mi familia los puedo ver de frente porque no los he traicionado y nunca los traicionar\u00e9, y eso lo demostrar\u00e9 con firmeza en el momento en que las instituciones de justicia de nuestro pa\u00eds lo requieran\u201d.<\/p>\n\n\n\n<p>\u201cNo voy a permitir que me utilicen para da\u00f1ar al movimiento al que pertenezco y que ha cambiado para bien la vida de millones de mexicanas y mexicanos que durante d\u00e9cadas fueron v\u00edctimas de quienes se creyeron con el derecho de despojarlos hasta de lo m\u00e1s elemental\u201d.<\/p>\n\n\n\n<p>\u201cM\u00e9xico seguir\u00e1 cambiando para bien porque tenemos mucho pueblo\u201d.<\/p>\n\n\n\n<p>\u201cFinalmente, informo al pueblo de Sinaloa que hoy present\u00e9 ante el Congreso del Estado la solicitud de licencia temporal al cargo de gobernador, mientras dure el proceso de investigaci\u00f3n, y lo hago desde mi profunda convicci\u00f3n republicana\u201d.<\/p>\n\n\n\n<p>\u201cLo anterior tambi\u00e9n lo hago con la finalidad de facilitar la actuaci\u00f3n de las autoridades mexicanas en el proceso de investigaci\u00f3n ya citado\u201d, concluy\u00f3 su mensaje.<\/p>\n","protected":false},"excerpt":{"rendered":"<p>Dijo que lo hace desde su profunda convicci\u00f3n republicana, con la conciencia tranquila, y para no interferir en las investigaciones que inici\u00f3 la Fiscal\u00eda General de la Rep\u00fablica Culiac\u00e1n, Sinaloa, a 1 de mayo de 2026.- En un mensaje al pueblo de Sinaloa la noche de este viernes, el gobernador Rub\u00e9n Rocha Moya dio a [&hellip;]<\/p>\n","protected":false},"author":2,"featured_media":65893,"comment_status":"closed","ping_status":"open","sticky":false,"template":"","format":"standard","meta":{"_mi_skip_tracking":false,"footnotes":""},"categories":[13],"tags":[],"class_list":["post-65892","post","type-post","status-publish","format-standard","has-post-thumbnail","hentry","category-sinaloa"],"_links":{"self":[{"href":"https:\/\/www.puntociegoeditorial.com\/web\/wp-json\/wp\/v2\/posts\/65892","targetHints":{"allow":["GET"]}}],"collection":[{"href":"https:\/\/www.puntociegoeditorial.com\/web\/wp-json\/wp\/v2\/posts"}],"about":[{"href":"https:\/\/www.puntociegoeditorial.com\/web\/wp-json\/wp\/v2\/types\/post"}],"author":[{"embeddable":true,"href":"https:\/\/www.puntociegoeditorial.com\/web\/wp-json\/wp\/v2\/users\/2"}],"replies":[{"embeddable":true,"href":"https:\/\/www.puntociegoeditorial.com\/web\/wp-json\/wp\/v2\/comments?post=65892"}],"version-history":[{"count":1,"href":"https:\/\/www.puntociegoeditorial.com\/web\/wp-json\/wp\/v2\/posts\/65892\/revisions"}],"predecessor-version":[{"id":65894,"href":"https:\/\/www.puntociegoeditorial.com\/web\/wp-json\/wp\/v2\/posts\/65892\/revisions\/65894"}],"wp:featuredmedia":[{"embeddable":true,"href":"https:\/\/www.puntociegoeditorial.com\/web\/wp-json\/wp\/v2\/media\/65893"}],"wp:attachment":[{"href":"https:\/\/www.puntociegoeditorial.com\/web\/wp-json\/wp\/v2\/media?parent=65892"}],"wp:term":[{"taxonomy":"category","embeddable":true,"href":"https:\/\/www.puntociegoeditorial.com\/web\/wp-json\/wp\/v2\/categories?post=65892"},{"taxonomy":"post_tag","embeddable":true,"href":"https:\/\/www.puntociegoeditorial.com\/web\/wp-json\/wp\/v2\/tags?post=65892"}],"curies":[{"name":"wp","href":"https:\/\/api.w.org\/{rel}","templated":true}]}}