{"id":65895,"date":"2026-05-01T22:38:49","date_gmt":"2026-05-02T05:38:49","guid":{"rendered":"https:\/\/www.puntociegoeditorial.com\/web\/?p=65895"},"modified":"2026-05-01T22:47:40","modified_gmt":"2026-05-02T05:47:40","slug":"juan-de-dios-gamez-mendivil-solicita-licencia-temporal-al-cargo-como-alcalde","status":"publish","type":"post","link":"https:\/\/www.puntociegoeditorial.com\/web\/2026\/05\/01\/juan-de-dios-gamez-mendivil-solicita-licencia-temporal-al-cargo-como-alcalde\/","title":{"rendered":"Juan De Dios G\u00e1mez Mend\u00edvil solicita licencia temporal al cargo como alcalde"},"content":{"rendered":"\n<p>En una sesi\u00f3n de cabildo extraordinaria solicitada de \u00faltima hora, el presidente municipal de Culiac\u00e1n Juan De Dios G\u00e1mez M\u00e9ndivil ha solicitado licencia temporal al cargo ante el cuerpo de regidores para atender los se\u00f1alamientos que un juzgado del distrito sur de Nueva York le ha se\u00f1alado por algunos cargos.<\/p>\n\n\n\n<p>En una sesi\u00f3n sin medios de comunicaci\u00f3n y a trav\u00e9s de una transmisi\u00f3n en vivo en redes sociales por parte del ayuntamiento, donde se design\u00f3 como alcaldesa temporal al cargo a Ana Miriam Ramos Villareal quien era sindica procuradora del municipio de Culiac\u00e1n <\/p>\n\n\n\n<p><\/p>\n","protected":false},"excerpt":{"rendered":"<p>En una sesi\u00f3n de cabildo extraordinaria solicitada de \u00faltima hora, el presidente municipal de Culiac\u00e1n Juan De Dios G\u00e1mez M\u00e9ndivil ha solicitado licencia temporal al cargo ante el cuerpo de regidores para atender los se\u00f1alamientos que un juzgado del distrito sur de Nueva York le ha se\u00f1alado por algunos cargos. En una sesi\u00f3n sin medios [&hellip;]<\/p>\n","protected":false},"author":2,"featured_media":65896,"comment_status":"closed","ping_status":"open","sticky":false,"template":"","format":"standard","meta":{"_mi_skip_tracking":false,"footnotes":""},"categories":[1],"tags":[],"class_list":["post-65895","post","type-post","status-publish","format-standard","has-post-thumbnail","hentry","category-uncategorized"],"_links":{"self":[{"href":"https:\/\/www.puntociegoeditorial.com\/web\/wp-json\/wp\/v2\/posts\/65895","targetHints":{"allow":["GET"]}}],"collection":[{"href":"https:\/\/www.puntociegoeditorial.com\/web\/wp-json\/wp\/v2\/posts"}],"about":[{"href":"https:\/\/www.puntociegoeditorial.com\/web\/wp-json\/wp\/v2\/types\/post"}],"author":[{"embeddable":true,"href":"https:\/\/www.puntociegoeditorial.com\/web\/wp-json\/wp\/v2\/users\/2"}],"replies":[{"embeddable":true,"href":"https:\/\/www.puntociegoeditorial.com\/web\/wp-json\/wp\/v2\/comments?post=65895"}],"version-history":[{"count":3,"href":"https:\/\/www.puntociegoeditorial.com\/web\/wp-json\/wp\/v2\/posts\/65895\/revisions"}],"predecessor-version":[{"id":65902,"href":"https:\/\/www.puntociegoeditorial.com\/web\/wp-json\/wp\/v2\/posts\/65895\/revisions\/65902"}],"wp:featuredmedia":[{"embeddable":true,"href":"https:\/\/www.puntociegoeditorial.com\/web\/wp-json\/wp\/v2\/media\/65896"}],"wp:attachment":[{"href":"https:\/\/www.puntociegoeditorial.com\/web\/wp-json\/wp\/v2\/media?parent=65895"}],"wp:term":[{"taxonomy":"category","embeddable":true,"href":"https:\/\/www.puntociegoeditorial.com\/web\/wp-json\/wp\/v2\/categories?post=65895"},{"taxonomy":"post_tag","embeddable":true,"href":"https:\/\/www.puntociegoeditorial.com\/web\/wp-json\/wp\/v2\/tags?post=65895"}],"curies":[{"name":"wp","href":"https:\/\/api.w.org\/{rel}","templated":true}]}}