{"id":65903,"date":"2026-05-01T23:11:40","date_gmt":"2026-05-02T06:11:40","guid":{"rendered":"https:\/\/www.puntociegoeditorial.com\/web\/?p=65903"},"modified":"2026-05-01T23:11:40","modified_gmt":"2026-05-02T06:11:40","slug":"daremos-continuidad-al-trabajo-realizado-ramos-villareal","status":"publish","type":"post","link":"https:\/\/www.puntociegoeditorial.com\/web\/2026\/05\/01\/daremos-continuidad-al-trabajo-realizado-ramos-villareal\/","title":{"rendered":"Daremos continuidad al trabajo realizado: Ramos Villareal"},"content":{"rendered":"\n<p>Despu\u00e9s de asumir el cargo como alcaldesa provisional, Ana M\u00edriam Ramos Villarreal inform\u00f3 que se le dar\u00e1 continuidad al trabajo que se ven\u00eda realizando, a fin de cumplir con la agenda que se tiene proyectada para esta administraci\u00f3n en beneficio del municipio y sus habitantes.<\/p>\n\n\n\n<p>Ramos Villareal asegur\u00f3 que de momento continuar\u00e1n trabajando con el mismo equipo que ha venido desempe\u00f1ando sus funciones a lo largo de la actual administraci\u00f3n. <\/p>\n\n\n\n<p>Al ser cuestionada sobre la independencia que tendr\u00e1 en el cargo, la presidenta municipal dej\u00f3 en claro que siempre ha tenido la libertad de ejercer su cargo dentro del ayuntamiento con la responsabilidad que conlleva, resaltando que ejercer\u00e1 sus funciones de manera libre. <\/p>\n\n\n\n<p>\u00abNosotros como ayuntamiento si tenemos retos y desaf\u00edos pero como lo repito siempre hemos estado cercano a la gente\u00bb<\/p>\n\n\n\n<p>El cargo de alcaldesa provisional tendr\u00e1 un per\u00edodo de hasta 6 meses, de no regresar al cargo Juan De Dios G\u00e1mez Mend\u00edvil ser\u00eda el Congreso del Estado quien asuma la responsabilidad de nombrar a un alcalde sustituto por lo que resta de la administraci\u00f3n. <\/p>\n","protected":false},"excerpt":{"rendered":"<p>Despu\u00e9s de asumir el cargo como alcaldesa provisional, Ana M\u00edriam Ramos Villarreal inform\u00f3 que se le dar\u00e1 continuidad al trabajo que se ven\u00eda realizando, a fin de cumplir con la agenda que se tiene proyectada para esta administraci\u00f3n en beneficio del municipio y sus habitantes. Ramos Villareal asegur\u00f3 que de momento continuar\u00e1n trabajando con el [&hellip;]<\/p>\n","protected":false},"author":2,"featured_media":65904,"comment_status":"closed","ping_status":"open","sticky":false,"template":"","format":"standard","meta":{"_mi_skip_tracking":false,"footnotes":""},"categories":[1],"tags":[],"class_list":["post-65903","post","type-post","status-publish","format-standard","has-post-thumbnail","hentry","category-uncategorized"],"_links":{"self":[{"href":"https:\/\/www.puntociegoeditorial.com\/web\/wp-json\/wp\/v2\/posts\/65903","targetHints":{"allow":["GET"]}}],"collection":[{"href":"https:\/\/www.puntociegoeditorial.com\/web\/wp-json\/wp\/v2\/posts"}],"about":[{"href":"https:\/\/www.puntociegoeditorial.com\/web\/wp-json\/wp\/v2\/types\/post"}],"author":[{"embeddable":true,"href":"https:\/\/www.puntociegoeditorial.com\/web\/wp-json\/wp\/v2\/users\/2"}],"replies":[{"embeddable":true,"href":"https:\/\/www.puntociegoeditorial.com\/web\/wp-json\/wp\/v2\/comments?post=65903"}],"version-history":[{"count":1,"href":"https:\/\/www.puntociegoeditorial.com\/web\/wp-json\/wp\/v2\/posts\/65903\/revisions"}],"predecessor-version":[{"id":65905,"href":"https:\/\/www.puntociegoeditorial.com\/web\/wp-json\/wp\/v2\/posts\/65903\/revisions\/65905"}],"wp:featuredmedia":[{"embeddable":true,"href":"https:\/\/www.puntociegoeditorial.com\/web\/wp-json\/wp\/v2\/media\/65904"}],"wp:attachment":[{"href":"https:\/\/www.puntociegoeditorial.com\/web\/wp-json\/wp\/v2\/media?parent=65903"}],"wp:term":[{"taxonomy":"category","embeddable":true,"href":"https:\/\/www.puntociegoeditorial.com\/web\/wp-json\/wp\/v2\/categories?post=65903"},{"taxonomy":"post_tag","embeddable":true,"href":"https:\/\/www.puntociegoeditorial.com\/web\/wp-json\/wp\/v2\/tags?post=65903"}],"curies":[{"name":"wp","href":"https:\/\/api.w.org\/{rel}","templated":true}]}}