{"id":65908,"date":"2026-05-02T09:43:38","date_gmt":"2026-05-02T16:43:38","guid":{"rendered":"https:\/\/www.puntociegoeditorial.com\/web\/?p=65908"},"modified":"2026-05-02T09:43:38","modified_gmt":"2026-05-02T16:43:38","slug":"congreso-nombra-a-yeraldine-bonilla-valverde-como-gobernadora-interina-de-sinaloa","status":"publish","type":"post","link":"https:\/\/www.puntociegoeditorial.com\/web\/2026\/05\/02\/congreso-nombra-a-yeraldine-bonilla-valverde-como-gobernadora-interina-de-sinaloa\/","title":{"rendered":"Congreso nombra a Yeraldine Bonilla Valverde como gobernadora interina de Sinaloa"},"content":{"rendered":"\n<p>Despu\u00e9s de que este s\u00e1bado 2 de mayo el Congreso del Estado aprobara la licencia temporal al cargo de gobernador a Rub\u00e9n Rocha Moya, el Congreso a trav\u00e9s de la mesa directiva que encabeza el diputado Rodolfo Valenzuela S\u00e1nchez decret\u00f3 un receso para nombrar a la persona que de manera interina asumir\u00e1 el cargo por los siguientes 30 d\u00edas, siendo esta Yeraldine Bonilla Valverde.<\/p>\n\n\n\n<p>Bonilla Valverde hasta el 1ro de mayo se hab\u00eda venido desempe\u00f1ando como secretaria general de Gobierno, asumiendo el cargo de gobernadora interina, despu\u00e9s de que Rocha Moya solicitar\u00e1 licencia para separarse del cargo en medio de las investigaciones derivadas por se\u00f1alamientos de autoridades de los Estados Unidos. <\/p>\n\n\n\n<p>La solicitud fu\u00e9 presentada ante el Congreso el viernes 1ro de mayo por lo que se convoc\u00f3 a una sesi\u00f3n extraordinaria participando 38 de los 40 diputados y diputados locales siendo los ausentes Elizabeth Montoya Ojeda y Sergio Torres F\u00e9lix,  este \u00faltimo por motivos de salud y ambos de Movimiento Ciudadano.<\/p>\n","protected":false},"excerpt":{"rendered":"<p>Despu\u00e9s de que este s\u00e1bado 2 de mayo el Congreso del Estado aprobara la licencia temporal al cargo de gobernador a Rub\u00e9n Rocha Moya, el Congreso a trav\u00e9s de la mesa directiva que encabeza el diputado Rodolfo Valenzuela S\u00e1nchez decret\u00f3 un receso para nombrar a la persona que de manera interina asumir\u00e1 el cargo por [&hellip;]<\/p>\n","protected":false},"author":2,"featured_media":65909,"comment_status":"closed","ping_status":"open","sticky":false,"template":"","format":"standard","meta":{"_mi_skip_tracking":false,"footnotes":""},"categories":[13],"tags":[],"class_list":["post-65908","post","type-post","status-publish","format-standard","has-post-thumbnail","hentry","category-sinaloa"],"_links":{"self":[{"href":"https:\/\/www.puntociegoeditorial.com\/web\/wp-json\/wp\/v2\/posts\/65908","targetHints":{"allow":["GET"]}}],"collection":[{"href":"https:\/\/www.puntociegoeditorial.com\/web\/wp-json\/wp\/v2\/posts"}],"about":[{"href":"https:\/\/www.puntociegoeditorial.com\/web\/wp-json\/wp\/v2\/types\/post"}],"author":[{"embeddable":true,"href":"https:\/\/www.puntociegoeditorial.com\/web\/wp-json\/wp\/v2\/users\/2"}],"replies":[{"embeddable":true,"href":"https:\/\/www.puntociegoeditorial.com\/web\/wp-json\/wp\/v2\/comments?post=65908"}],"version-history":[{"count":1,"href":"https:\/\/www.puntociegoeditorial.com\/web\/wp-json\/wp\/v2\/posts\/65908\/revisions"}],"predecessor-version":[{"id":65910,"href":"https:\/\/www.puntociegoeditorial.com\/web\/wp-json\/wp\/v2\/posts\/65908\/revisions\/65910"}],"wp:featuredmedia":[{"embeddable":true,"href":"https:\/\/www.puntociegoeditorial.com\/web\/wp-json\/wp\/v2\/media\/65909"}],"wp:attachment":[{"href":"https:\/\/www.puntociegoeditorial.com\/web\/wp-json\/wp\/v2\/media?parent=65908"}],"wp:term":[{"taxonomy":"category","embeddable":true,"href":"https:\/\/www.puntociegoeditorial.com\/web\/wp-json\/wp\/v2\/categories?post=65908"},{"taxonomy":"post_tag","embeddable":true,"href":"https:\/\/www.puntociegoeditorial.com\/web\/wp-json\/wp\/v2\/tags?post=65908"}],"curies":[{"name":"wp","href":"https:\/\/api.w.org\/{rel}","templated":true}]}}