{"id":65913,"date":"2026-05-02T11:15:38","date_gmt":"2026-05-02T18:15:38","guid":{"rendered":"https:\/\/www.puntociegoeditorial.com\/web\/?p=65913"},"modified":"2026-05-02T11:15:38","modified_gmt":"2026-05-02T18:15:38","slug":"congreso-de-sinaloa-otorga-licencia-a-rocha-moya-designa-a-yeraldine-bonilla-como-gobernadora-interina","status":"publish","type":"post","link":"https:\/\/www.puntociegoeditorial.com\/web\/2026\/05\/02\/congreso-de-sinaloa-otorga-licencia-a-rocha-moya-designa-a-yeraldine-bonilla-como-gobernadora-interina\/","title":{"rendered":"Congreso de Sinaloa otorga licencia a Rocha Moya; designa a Yeraldine Bonilla como gobernadora interina"},"content":{"rendered":"\n<p>Culiac\u00e1n, Sinaloa. 02 de mayo del 2026. En Sesi\u00f3n Extraordinaria, este s\u00e1bado el Congreso del Estado de Sinaloa autoriz\u00f3 por mayor\u00eda licencia al gobernador Rub\u00e9n Rocha Moya para separarse temporalmente de su cargo, ante lo que procedi\u00f3 a nombrar y tomar protesta como gobernadora interina a la diputada local con licencia, y quien ven\u00eda desempe\u00f1\u00e1ndose como secretaria general de Gobierno, Yeraldine Bonilla Valverde.<br>En la solicitud, que fue le\u00edda en tribuna, el mandatario estatal expresa:<\/p>\n\n\n\n<p>\u201cPor medio de la presente, con fundamento en lo dispuesto por el art\u00edculo 58 de la Constituci\u00f3n Pol\u00edtica del Estado de Sinaloa, presento ante esa representaci\u00f3n popular solicitud de licencia temporal por m\u00e1s de 30 d\u00edas, al cargo de Gobernador Constitucional del Estado de Sinaloa.<\/p>\n\n\n\n<p>\u201cLo hago desde mi profunda convicci\u00f3n republicana, con la confianza de que las instituciones del Estado Mexicano cumplir\u00e1n su funci\u00f3n constitucional en relaci\u00f3n a los hechos en los que se me concierne y que son del dominio p\u00fablico, a fin de que no quede duda alguna de la legalidad e integridad de mi conducta.<\/p>\n\n\n\n<p>\u201cComo lo ha expresado nuestra presidenta de la Rep\u00fablica, Dra. Claudia Sheinbaum Pardo, a quien expreso mi reconocimiento invariable: verdad, justicia y defensa de la soberan\u00eda nacional\u201d.<\/p>\n\n\n\n<p>La solicitud fue turnada a la Comisi\u00f3n de Puntos Constitucionales y Gobernaci\u00f3n para que analizara la solicitud y emitiera la propuesta de gobernador o gobernadora interina, luego de lo cual se abri\u00f3 un receso para dar margen a dicha Comisi\u00f3n a que realizara lo que le corresponde.<\/p>\n\n\n\n<p>En su reuni\u00f3n, la Comisi\u00f3n dictamin\u00f3 por unanimidad presentar a la actual secretaria general de Gobierno, Yeraldine Bonilla Valverde, para ocupar de manera interina la gubernatura de Sinaloa, quien fue propuesta por la diputada Arely Berenice Ruiz L\u00f3pez, lo cual fue aprobado por unanimidad.<\/p>\n\n\n\n<p>Concluido el receso, la Comisi\u00f3n present\u00f3 ante el Pleno (que concluy\u00f3 el receso) a Yeraldine Bonilla como propuesta para ocupar la gubernatura de Sinaloa de manera interina.<\/p>\n\n\n\n<p>Esta Comisi\u00f3n tom\u00f3 en cuenta que en Yeraldine Bonilla \u201cconfluyen diversas manifestaciones favorables y distinguidos m\u00e9ritos a trav\u00e9s de toda su trayectoria profesional para el efecto, quien adem\u00e1s cumple con los requisitos constitucionales para ocupar la Gubernatura del Estado de Sinaloa, de manera interina, por lo que se le considera suficientemente capacitada para la conducci\u00f3n del Gobierno del Estado de Sinaloa\u201d.<\/p>\n\n\n\n<p>El dictamen se aprob\u00f3 por mayor\u00eda de 33 votos a favor, tres en contra y dos abstenciones, y se le tom\u00f3 la protesta de ley a la nueva gobernadora, Yeraldine Bonilla, lo cual estuvo a cargo del presidente de la Mesa Directiva del Congreso, el diputado Rodolfo Valenzuela S\u00e1nchez.<\/p>\n\n\n\n<p>En el mismo dictamen se instruye que se notifique el presente Acuerdo a los H. Ayuntamientos del Estado de Sinaloa, y al Honorable Supremo Tribunal de Justicia del Estado para los efectos administrativos y jur\u00eddicos procedentes.<\/p>\n","protected":false},"excerpt":{"rendered":"<p>Culiac\u00e1n, Sinaloa. 02 de mayo del 2026. En Sesi\u00f3n Extraordinaria, este s\u00e1bado el Congreso del Estado de Sinaloa autoriz\u00f3 por mayor\u00eda licencia al gobernador Rub\u00e9n Rocha Moya para separarse temporalmente de su cargo, ante lo que procedi\u00f3 a nombrar y tomar protesta como gobernadora interina a la diputada local con licencia, y quien ven\u00eda desempe\u00f1\u00e1ndose [&hellip;]<\/p>\n","protected":false},"author":2,"featured_media":65914,"comment_status":"closed","ping_status":"open","sticky":false,"template":"","format":"standard","meta":{"_mi_skip_tracking":false,"footnotes":""},"categories":[13],"tags":[],"class_list":["post-65913","post","type-post","status-publish","format-standard","has-post-thumbnail","hentry","category-sinaloa"],"_links":{"self":[{"href":"https:\/\/www.puntociegoeditorial.com\/web\/wp-json\/wp\/v2\/posts\/65913","targetHints":{"allow":["GET"]}}],"collection":[{"href":"https:\/\/www.puntociegoeditorial.com\/web\/wp-json\/wp\/v2\/posts"}],"about":[{"href":"https:\/\/www.puntociegoeditorial.com\/web\/wp-json\/wp\/v2\/types\/post"}],"author":[{"embeddable":true,"href":"https:\/\/www.puntociegoeditorial.com\/web\/wp-json\/wp\/v2\/users\/2"}],"replies":[{"embeddable":true,"href":"https:\/\/www.puntociegoeditorial.com\/web\/wp-json\/wp\/v2\/comments?post=65913"}],"version-history":[{"count":1,"href":"https:\/\/www.puntociegoeditorial.com\/web\/wp-json\/wp\/v2\/posts\/65913\/revisions"}],"predecessor-version":[{"id":65915,"href":"https:\/\/www.puntociegoeditorial.com\/web\/wp-json\/wp\/v2\/posts\/65913\/revisions\/65915"}],"wp:featuredmedia":[{"embeddable":true,"href":"https:\/\/www.puntociegoeditorial.com\/web\/wp-json\/wp\/v2\/media\/65914"}],"wp:attachment":[{"href":"https:\/\/www.puntociegoeditorial.com\/web\/wp-json\/wp\/v2\/media?parent=65913"}],"wp:term":[{"taxonomy":"category","embeddable":true,"href":"https:\/\/www.puntociegoeditorial.com\/web\/wp-json\/wp\/v2\/categories?post=65913"},{"taxonomy":"post_tag","embeddable":true,"href":"https:\/\/www.puntociegoeditorial.com\/web\/wp-json\/wp\/v2\/tags?post=65913"}],"curies":[{"name":"wp","href":"https:\/\/api.w.org\/{rel}","templated":true}]}}