{"id":65919,"date":"2026-05-02T11:33:30","date_gmt":"2026-05-02T18:33:30","guid":{"rendered":"https:\/\/www.puntociegoeditorial.com\/web\/?p=65919"},"modified":"2026-05-02T11:33:30","modified_gmt":"2026-05-02T18:33:30","slug":"yeraldine-bonilla-valverde-rinde-protesta-como-gobernadora-interina-de-sinaloa","status":"publish","type":"post","link":"https:\/\/www.puntociegoeditorial.com\/web\/2026\/05\/02\/yeraldine-bonilla-valverde-rinde-protesta-como-gobernadora-interina-de-sinaloa\/","title":{"rendered":"Yeraldine Bonilla Valverde rinde protesta como gobernadora interina de Sinaloa"},"content":{"rendered":"\n<p><em>En su mensaje al pueblo de Sinaloa, asegur\u00f3 que, como siempre, los sinaloenses habremos de salir adelante ante la adversidad, y hoy no ser\u00e1 la excepci\u00f3n<\/em><\/p>\n\n\n\n<p>Culiac\u00e1n, Sinaloa, a 2 de mayo de 2026.- En cumplimiento al acuerdo asumido por las diputadas y diputados de la LXV Legislatura local, Yeraldine Bonilla Valverde, rindi\u00f3 protesta como gobernadora interina de Sinaloa, luego de que el Congreso del Estado aprob\u00f3 la licencia que solicit\u00f3 ayer viernes el gobernador constitucional, Rub\u00e9n Rocha Moya.<\/p>\n\n\n\n<p>En su primer mensaje como gobernadora interina, Bonilla Valverde consider\u00f3 que esto representa una gran responsabilidad y honor, y agradeci\u00f3 la confianza depositada en su persona para asumir el cargo en estos momentos en los que nuestro estado enfrenta una situaci\u00f3n dif\u00edcil, \u201cpero que no quepa duda, como siempre, saldremos adelante con creces. Corre fuerza y coraje por las venas del pueblo de Sinaloa, en nuestra tierra no es nueva la adversidad y nuestro pueblo siempre ha salido adelante, hoy no ser\u00e1 la excepci\u00f3n\u201d.<\/p>\n\n\n\n<p>Destac\u00f3 que en el documento que remiti\u00f3 el gobernador Rocha Moya a esta Soberan\u00eda, en un p\u00e1rrafo se\u00f1ala lo siguiente: \u201cLo digo claramente y con contundencia, son falsas y dolosas las acusaciones que se han vertido en mi contra; a mi pueblo y a mi familia los puedo ver de frente porque no los he traicionado y nunca los traicionar\u00e9, y eso lo demostrar\u00e9 con firmeza en el momento que las instituciones de justicia de nuestro pa\u00eds lo requieran\u201d.<\/p>\n\n\n\n<p>Al respecto, le dirigi\u00f3 este mensaje al gobernador con licencia: \u201cGobernador, la inmensa mayor\u00eda del pueblo de Sinaloa lo sabemos y estamos seguros que as\u00ed ser\u00e1, le expreso mi profunda solidaridad\u201d.<\/p>\n\n\n\n<p>Desde la m\u00e1xima tribuna, la gobernadora Bonilla se dirigi\u00f3 al pueblo de Sinaloa, desde donde dijo que asume este nombramiento con la convicci\u00f3n de poder servir con humildad y con responsabilidad, \u201ctengo claro, que ante los desaf\u00edos que se nos presentan, el trabajo por el bienestar de nuestra gente continuar\u00e1\u201d.<\/p>\n\n\n\n<p>\u201cEl pueblo de Sinaloa, las y los sinaloenses, deben mantener la seguridad y la confianza de que los principios y las pol\u00edticas p\u00fablicas que han dado sentido a los gobiernos de la Cuarta Transformaci\u00f3n, en mi gesti\u00f3n se mantendr\u00e1n vigentes. Desde ya, buscaremos al Gobierno Federal que encabeza nuestra presidenta Claudia Sheinbaum Pardo para mantener y fortalecer la estrecha colaboraci\u00f3n que existe en beneficio de nuestro pueblo\u201d, a\u00f1adi\u00f3.<\/p>\n\n\n\n<p>\u201cFinalmente, -convoc\u00f3- hago un llamado a todos los funcionarios y servidores p\u00fablicos al servicio del estado en general, para que este suceso nos sirva de aliciente para que sigamos dando lo mejor de nosotros en nuestro irrenunciable cometido de servir a todas y todos los sinaloenses\u201d.<\/p>\n\n\n\n<p>\u201cA cada una de las diputadas y diputados les reitero mi gratitud por confiar en su compa\u00f1era y amiga, con la garant\u00eda de que sabr\u00e9 demostrarles, con creces, que su decisi\u00f3n, por el tiempo que dure mi mandato, no ser\u00e1 defraudada\u201d.<\/p>\n\n\n\n<p>\u201cLa grandeza de un pueblo no se mide en los tiempos de calma sino en su capacidad de levantarse frente a los tiempos de adversidad, y el pueblo de Sinaloa es mucho pueblo. Que viva Sinaloa, que viva M\u00e9xico\u201d, concluy\u00f3.<\/p>\n\n\n\n<p><\/p>\n","protected":false},"excerpt":{"rendered":"<p>En su mensaje al pueblo de Sinaloa, asegur\u00f3 que, como siempre, los sinaloenses habremos de salir adelante ante la adversidad, y hoy no ser\u00e1 la excepci\u00f3n Culiac\u00e1n, Sinaloa, a 2 de mayo de 2026.- En cumplimiento al acuerdo asumido por las diputadas y diputados de la LXV Legislatura local, Yeraldine Bonilla Valverde, rindi\u00f3 protesta como [&hellip;]<\/p>\n","protected":false},"author":2,"featured_media":65920,"comment_status":"closed","ping_status":"open","sticky":false,"template":"","format":"standard","meta":{"_mi_skip_tracking":false,"footnotes":""},"categories":[13],"tags":[],"class_list":["post-65919","post","type-post","status-publish","format-standard","has-post-thumbnail","hentry","category-sinaloa"],"_links":{"self":[{"href":"https:\/\/www.puntociegoeditorial.com\/web\/wp-json\/wp\/v2\/posts\/65919","targetHints":{"allow":["GET"]}}],"collection":[{"href":"https:\/\/www.puntociegoeditorial.com\/web\/wp-json\/wp\/v2\/posts"}],"about":[{"href":"https:\/\/www.puntociegoeditorial.com\/web\/wp-json\/wp\/v2\/types\/post"}],"author":[{"embeddable":true,"href":"https:\/\/www.puntociegoeditorial.com\/web\/wp-json\/wp\/v2\/users\/2"}],"replies":[{"embeddable":true,"href":"https:\/\/www.puntociegoeditorial.com\/web\/wp-json\/wp\/v2\/comments?post=65919"}],"version-history":[{"count":1,"href":"https:\/\/www.puntociegoeditorial.com\/web\/wp-json\/wp\/v2\/posts\/65919\/revisions"}],"predecessor-version":[{"id":65921,"href":"https:\/\/www.puntociegoeditorial.com\/web\/wp-json\/wp\/v2\/posts\/65919\/revisions\/65921"}],"wp:featuredmedia":[{"embeddable":true,"href":"https:\/\/www.puntociegoeditorial.com\/web\/wp-json\/wp\/v2\/media\/65920"}],"wp:attachment":[{"href":"https:\/\/www.puntociegoeditorial.com\/web\/wp-json\/wp\/v2\/media?parent=65919"}],"wp:term":[{"taxonomy":"category","embeddable":true,"href":"https:\/\/www.puntociegoeditorial.com\/web\/wp-json\/wp\/v2\/categories?post=65919"},{"taxonomy":"post_tag","embeddable":true,"href":"https:\/\/www.puntociegoeditorial.com\/web\/wp-json\/wp\/v2\/tags?post=65919"}],"curies":[{"name":"wp","href":"https:\/\/api.w.org\/{rel}","templated":true}]}}