{"id":65926,"date":"2026-05-02T12:54:21","date_gmt":"2026-05-02T19:54:21","guid":{"rendered":"https:\/\/www.puntociegoeditorial.com\/web\/?p=65926"},"modified":"2026-05-02T12:54:21","modified_gmt":"2026-05-02T19:54:21","slug":"nombramiento-interino-debe-dar-certeza-a-sinaloa-no-mas-dudas-pri-sinaloa","status":"publish","type":"post","link":"https:\/\/www.puntociegoeditorial.com\/web\/2026\/05\/02\/nombramiento-interino-debe-dar-certeza-a-sinaloa-no-mas-dudas-pri-sinaloa\/","title":{"rendered":"Nombramiento interino debe dar certeza a Sinaloa, no m\u00e1s dudas: PRI Sinaloa."},"content":{"rendered":"\n<p><em>Es m\u00e1s de lo mismo; esto no cambiar\u00e1 el rumbo del estado: C\u00e9sar Emiliano Gerardo Lugo<\/em>.<\/p>\n\n\n\n<p>Culiac\u00e1n, Sin. , s\u00e1bado 2 de mayo de 2026.- El presidente del PRI Sinaloa, C\u00e9sar Emiliano Gerardo Lugo, fij\u00f3 la postura del partido luego de que el Congreso del Estado de Sinaloa designara y tomara protesta a Yeraldine Bonilla Valverde como gobernadora interina del estado, tras la licencia solicitada por el gobernador Rub\u00e9n Rocha Moya.<\/p>\n\n\n\n<p>\u201cEl momento que vive Sinaloa es complejo y exige mucho m\u00e1s que un relevo administrativo. Con una licencia no se resuelve la crisis que atraviesa nuestro estado\u201d, destac\u00f3 el dirigente priista.<\/p>\n\n\n\n<p>C\u00e9sar Emiliano Gerardo Lugo se\u00f1al\u00f3 que, desde el PRI Sinaloa, existe preocupaci\u00f3n porque el interinato quede en manos de los mismos que hoy mantienen a Sinaloa en un escenario de incertidumbre y desconfianza ciudadana; adem\u00e1s de vivir en alerta permanente y con miedo.<\/p>\n\n\n\n<p>\u201cSon los mismos, esto no va a cambiar la situaci\u00f3n en Sinaloa; la ciudadan\u00eda exige resultados, transparencia y un verdadero golpe de tim\u00f3n que permita recuperar la estabilidad y la confianza en las instituciones\u201d, puntualiz\u00f3.<\/p>\n\n\n\n<p>Asimismo, sostuvo que quien encabece el gobierno estatal debe actuar con responsabilidad, garantizar la gobernabilidad y colaborar plenamente con cualquier proceso de investigaci\u00f3n en curso, siempre bajo el principio de que nadie puede estar por encima de la ley.<\/p>\n\n\n\n<p>\u201cEl PRI Sinaloa seguir\u00e1 se\u00f1alando con firmeza lo que le afecta al estado y defendiendo la necesidad de gobiernos con capacidad, autonom\u00eda y resultados reales para las y los sinaloenses\u201d, agreg\u00f3.<\/p>\n\n\n\n<p>Finalmente, reiter\u00f3 que Sinaloa necesita decisiones responsables, una conducci\u00f3n institucional, recuperar la paz, la estabilidad econ\u00f3mica, pero sobre todo que priorice el inter\u00e9s de la ciudadan\u00eda por encima de los intereses pol\u00edticos de Morena.<\/p>\n","protected":false},"excerpt":{"rendered":"<p>Es m\u00e1s de lo mismo; esto no cambiar\u00e1 el rumbo del estado: C\u00e9sar Emiliano Gerardo Lugo. Culiac\u00e1n, Sin. , s\u00e1bado 2 de mayo de 2026.- El presidente del PRI Sinaloa, C\u00e9sar Emiliano Gerardo Lugo, fij\u00f3 la postura del partido luego de que el Congreso del Estado de Sinaloa designara y tomara protesta a Yeraldine Bonilla [&hellip;]<\/p>\n","protected":false},"author":2,"featured_media":65927,"comment_status":"closed","ping_status":"open","sticky":false,"template":"","format":"standard","meta":{"_mi_skip_tracking":false,"footnotes":""},"categories":[1],"tags":[],"class_list":["post-65926","post","type-post","status-publish","format-standard","has-post-thumbnail","hentry","category-uncategorized"],"_links":{"self":[{"href":"https:\/\/www.puntociegoeditorial.com\/web\/wp-json\/wp\/v2\/posts\/65926","targetHints":{"allow":["GET"]}}],"collection":[{"href":"https:\/\/www.puntociegoeditorial.com\/web\/wp-json\/wp\/v2\/posts"}],"about":[{"href":"https:\/\/www.puntociegoeditorial.com\/web\/wp-json\/wp\/v2\/types\/post"}],"author":[{"embeddable":true,"href":"https:\/\/www.puntociegoeditorial.com\/web\/wp-json\/wp\/v2\/users\/2"}],"replies":[{"embeddable":true,"href":"https:\/\/www.puntociegoeditorial.com\/web\/wp-json\/wp\/v2\/comments?post=65926"}],"version-history":[{"count":1,"href":"https:\/\/www.puntociegoeditorial.com\/web\/wp-json\/wp\/v2\/posts\/65926\/revisions"}],"predecessor-version":[{"id":65928,"href":"https:\/\/www.puntociegoeditorial.com\/web\/wp-json\/wp\/v2\/posts\/65926\/revisions\/65928"}],"wp:featuredmedia":[{"embeddable":true,"href":"https:\/\/www.puntociegoeditorial.com\/web\/wp-json\/wp\/v2\/media\/65927"}],"wp:attachment":[{"href":"https:\/\/www.puntociegoeditorial.com\/web\/wp-json\/wp\/v2\/media?parent=65926"}],"wp:term":[{"taxonomy":"category","embeddable":true,"href":"https:\/\/www.puntociegoeditorial.com\/web\/wp-json\/wp\/v2\/categories?post=65926"},{"taxonomy":"post_tag","embeddable":true,"href":"https:\/\/www.puntociegoeditorial.com\/web\/wp-json\/wp\/v2\/tags?post=65926"}],"curies":[{"name":"wp","href":"https:\/\/api.w.org\/{rel}","templated":true}]}}