{"id":65929,"date":"2026-05-02T12:56:03","date_gmt":"2026-05-02T19:56:03","guid":{"rendered":"https:\/\/www.puntociegoeditorial.com\/web\/?p=65929"},"modified":"2026-05-02T12:56:03","modified_gmt":"2026-05-02T19:56:03","slug":"desde-el-congreso-morena-actua-con-responsabilidad-institucional-ante-hechos-ineditos-y-refrenda-compromiso-con-el-estado-de-derecho","status":"publish","type":"post","link":"https:\/\/www.puntociegoeditorial.com\/web\/2026\/05\/02\/desde-el-congreso-morena-actua-con-responsabilidad-institucional-ante-hechos-ineditos-y-refrenda-compromiso-con-el-estado-de-derecho\/","title":{"rendered":"Desde el Congreso, Morena act\u00faa con responsabilidad institucional ante hechos in\u00e9ditos y refrenda compromiso con el Estado de Derecho"},"content":{"rendered":"\n<p>Ante un contexto in\u00e9dito y de alta relevancia institucional, se actu\u00f3 con responsabilidad, oportunidad y apego estricto al marco constitucional, respondiendo a las exigencias del momento hist\u00f3rico que vive la entidad.<\/p>\n\n\n\n<p>Durante la Sesi\u00f3n P\u00fablica Extraordinaria n\u00famero 143, el Congreso del Estado dio tr\u00e1mite al comunicado del titular del Poder Ejecutivo estatal, mediante el cual solicit\u00f3 licencia temporal por m\u00e1s de 30 d\u00edas a su encargo, lo que deriv\u00f3 en el procedimiento constitucional correspondiente para garantizar la continuidad institucional.<\/p>\n\n\n\n<p>En ese sentido, el Poder Legislativo aprob\u00f3 dicha licencia y procedi\u00f3 al nombramiento de Yeraldine Bonilla como gobernadora interina del estado de Sinaloa, conforme a lo establecido en la Constituci\u00f3n local, al tratarse de una ausencia temporal mayor a 30 d\u00edas.<\/p>\n\n\n\n<p>En conferencia, la diputada Tere Guerra destac\u00f3 que la decisi\u00f3n del titular del Ejecutivo de separarse del cargo para someterse a las investigaciones correspondientes fortalece el debido proceso y env\u00eda un mensaje claro de respeto al Estado de Derecho. Asimismo, subray\u00f3 que ninguna persona puede ser declarada culpable sin pruebas, reiterando que la presunci\u00f3n de inocencia es un principio constitucional que debe prevalecer.<\/p>\n\n\n\n<p>Desde Morena, enfatizamos que este proceso no surge de manera aislada, sino en un contexto complejo que el estado ha venido enfrentando, y que exige actuar con altura pol\u00edtica, responsabilidad y compromiso con la ciudadan\u00eda. En este sentido, reconocemos la coordinaci\u00f3n entre poderes para garantizar gobernabilidad, estabilidad y continuidad en la administraci\u00f3n p\u00fablica.<\/p>\n\n\n\n<p>Reiteramos la defensa de la soberan\u00eda nacional y el derecho de las instituciones mexicanas a conducir las investigaciones correspondientes, sin injerencias externas, privilegiando siempre el marco constitucional.<\/p>\n\n\n\n<p>Desde el Congreso del Estado de Sinaloa, mantenemos firme nuestra convicci\u00f3n de actuar con responsabilidad, transparencia y en estricto apego a la ley, garantizando que las decisiones p\u00fablicas se tomen siempre en beneficio del pueblo y en defensa de las instituciones democr\u00e1ticas.<\/p>\n","protected":false},"excerpt":{"rendered":"<p>Ante un contexto in\u00e9dito y de alta relevancia institucional, se actu\u00f3 con responsabilidad, oportunidad y apego estricto al marco constitucional, respondiendo a las exigencias del momento hist\u00f3rico que vive la entidad. Durante la Sesi\u00f3n P\u00fablica Extraordinaria n\u00famero 143, el Congreso del Estado dio tr\u00e1mite al comunicado del titular del Poder Ejecutivo estatal, mediante el cual [&hellip;]<\/p>\n","protected":false},"author":2,"featured_media":65930,"comment_status":"closed","ping_status":"open","sticky":false,"template":"","format":"standard","meta":{"_mi_skip_tracking":false,"footnotes":""},"categories":[13],"tags":[],"class_list":["post-65929","post","type-post","status-publish","format-standard","has-post-thumbnail","hentry","category-sinaloa"],"_links":{"self":[{"href":"https:\/\/www.puntociegoeditorial.com\/web\/wp-json\/wp\/v2\/posts\/65929","targetHints":{"allow":["GET"]}}],"collection":[{"href":"https:\/\/www.puntociegoeditorial.com\/web\/wp-json\/wp\/v2\/posts"}],"about":[{"href":"https:\/\/www.puntociegoeditorial.com\/web\/wp-json\/wp\/v2\/types\/post"}],"author":[{"embeddable":true,"href":"https:\/\/www.puntociegoeditorial.com\/web\/wp-json\/wp\/v2\/users\/2"}],"replies":[{"embeddable":true,"href":"https:\/\/www.puntociegoeditorial.com\/web\/wp-json\/wp\/v2\/comments?post=65929"}],"version-history":[{"count":1,"href":"https:\/\/www.puntociegoeditorial.com\/web\/wp-json\/wp\/v2\/posts\/65929\/revisions"}],"predecessor-version":[{"id":65931,"href":"https:\/\/www.puntociegoeditorial.com\/web\/wp-json\/wp\/v2\/posts\/65929\/revisions\/65931"}],"wp:featuredmedia":[{"embeddable":true,"href":"https:\/\/www.puntociegoeditorial.com\/web\/wp-json\/wp\/v2\/media\/65930"}],"wp:attachment":[{"href":"https:\/\/www.puntociegoeditorial.com\/web\/wp-json\/wp\/v2\/media?parent=65929"}],"wp:term":[{"taxonomy":"category","embeddable":true,"href":"https:\/\/www.puntociegoeditorial.com\/web\/wp-json\/wp\/v2\/categories?post=65929"},{"taxonomy":"post_tag","embeddable":true,"href":"https:\/\/www.puntociegoeditorial.com\/web\/wp-json\/wp\/v2\/tags?post=65929"}],"curies":[{"name":"wp","href":"https:\/\/api.w.org\/{rel}","templated":true}]}}