{"id":6935,"date":"2021-12-14T19:21:11","date_gmt":"2021-12-15T02:21:11","guid":{"rendered":"https:\/\/puntociegoeditorial.com\/web\/?p=6935"},"modified":"2021-12-14T19:21:11","modified_gmt":"2021-12-15T02:21:11","slug":"continuan-labores-de-limpieza-y-mantenimiento-en-el-parque-las-riberas","status":"publish","type":"post","link":"https:\/\/www.puntociegoeditorial.com\/web\/2021\/12\/14\/continuan-labores-de-limpieza-y-mantenimiento-en-el-parque-las-riberas\/","title":{"rendered":"Contin\u00faan labores de limpieza y mantenimiento en el Parque las Riberas"},"content":{"rendered":"\n<p>Culiac\u00e1n, Sin., a 14 de diciembre de 2021.- Las labores de limpieza en el Parque las Riberas siempre est\u00e1n en marcha, es por ello que recientemente ha tocado el turno a la zona del Parque Acu\u00e1tico Tres R\u00edos.<\/p>\n\n\n\n<p>En esta ocasi\u00f3n la zona del canal que atraviesa dicho Parque fue atendida a trav\u00e9s de labores de papeleo, retiro de maleza y limpieza general, todo con el prop\u00f3sito de mejorar el aspecto del sitio y la experiencia de quienes visitan esta zona.<\/p>\n\n\n\n<p>Al respecto, el titular del Parque, Dan Santos Valadez, se\u00f1al\u00f3 que la limpieza de estos espacios se lleva a cabo diariamente en cuesti\u00f3n de recolecci\u00f3n de basura y mantenimiento de \u00e1reas verdes, sin embargo, la poda y retiro de ramas se da con relaci\u00f3n al crecimiento de la misma, es decir una vez por semana aproximadamente.<\/p>\n\n\n\n<p>En este sentido, especific\u00f3 que tal y como lo ha instruido el alcalde Lic. Jes\u00fas Estrada Ferreiro, mantener las \u00e1reas recreativas en \u00f3ptimas condiciones para quienes las visitan sigue siendo una prioridad, no obstante, exhort\u00f3 a la ciudadan\u00eda que acude al Parque a colocar la basura en su lugar para que estas labores logren su objetivo.<\/p>\n","protected":false},"excerpt":{"rendered":"<p>Culiac\u00e1n, Sin., a 14 de diciembre de 2021.- Las labores de limpieza en el Parque las Riberas siempre est\u00e1n en marcha, es por ello que recientemente ha tocado el turno a la zona del Parque Acu\u00e1tico Tres R\u00edos. En esta ocasi\u00f3n la zona del canal que atraviesa dicho Parque fue atendida a trav\u00e9s de labores [&hellip;]<\/p>\n","protected":false},"author":2,"featured_media":6936,"comment_status":"open","ping_status":"open","sticky":false,"template":"","format":"standard","meta":{"_mi_skip_tracking":false,"footnotes":""},"categories":[12],"tags":[26,59,128],"class_list":["post-6935","post","type-post","status-publish","format-standard","has-post-thumbnail","hentry","category-ciudad","tag-culiacan","tag-jesus-estrada-ferreiro","tag-parque-las-riberas"],"_links":{"self":[{"href":"https:\/\/www.puntociegoeditorial.com\/web\/wp-json\/wp\/v2\/posts\/6935","targetHints":{"allow":["GET"]}}],"collection":[{"href":"https:\/\/www.puntociegoeditorial.com\/web\/wp-json\/wp\/v2\/posts"}],"about":[{"href":"https:\/\/www.puntociegoeditorial.com\/web\/wp-json\/wp\/v2\/types\/post"}],"author":[{"embeddable":true,"href":"https:\/\/www.puntociegoeditorial.com\/web\/wp-json\/wp\/v2\/users\/2"}],"replies":[{"embeddable":true,"href":"https:\/\/www.puntociegoeditorial.com\/web\/wp-json\/wp\/v2\/comments?post=6935"}],"version-history":[{"count":1,"href":"https:\/\/www.puntociegoeditorial.com\/web\/wp-json\/wp\/v2\/posts\/6935\/revisions"}],"predecessor-version":[{"id":6937,"href":"https:\/\/www.puntociegoeditorial.com\/web\/wp-json\/wp\/v2\/posts\/6935\/revisions\/6937"}],"wp:featuredmedia":[{"embeddable":true,"href":"https:\/\/www.puntociegoeditorial.com\/web\/wp-json\/wp\/v2\/media\/6936"}],"wp:attachment":[{"href":"https:\/\/www.puntociegoeditorial.com\/web\/wp-json\/wp\/v2\/media?parent=6935"}],"wp:term":[{"taxonomy":"category","embeddable":true,"href":"https:\/\/www.puntociegoeditorial.com\/web\/wp-json\/wp\/v2\/categories?post=6935"},{"taxonomy":"post_tag","embeddable":true,"href":"https:\/\/www.puntociegoeditorial.com\/web\/wp-json\/wp\/v2\/tags?post=6935"}],"curies":[{"name":"wp","href":"https:\/\/api.w.org\/{rel}","templated":true}]}}