{"id":6938,"date":"2021-12-14T19:22:43","date_gmt":"2021-12-15T02:22:43","guid":{"rendered":"https:\/\/puntociegoeditorial.com\/web\/?p=6938"},"modified":"2021-12-14T19:22:43","modified_gmt":"2021-12-15T02:22:43","slug":"familiares-del-ciclista-julio-cesar-garcia-piden-justicia","status":"publish","type":"post","link":"https:\/\/www.puntociegoeditorial.com\/web\/2021\/12\/14\/familiares-del-ciclista-julio-cesar-garcia-piden-justicia\/","title":{"rendered":"\u201cFAMILIARES DEL CICLISTA JULIO CESAR GARCIA PIDEN JUSTICIA\u201d"},"content":{"rendered":"\n<p>Esta ma\u00f1ana se lleva a cabo conferencia de prensa del tema jur\u00eddico del caso Julio Cesar Garc\u00eda Mendivil\u201d<\/p>\n\n\n\n<p>Los Mochis, Ahome, Sinaloa, M\u00e9xico. 14 de diciembre del 2021.- Esta ma\u00f1ana se llev\u00f3 a cabo la conferencia de prensa para notificar los pormenores jur\u00eddicos en el caso de los ciclistas Julio Cesar Garc\u00eda Mendivil y Paulina Ontiveros; en la cual estuvieron presentes Jos\u00e9 Aureliano Valenzuela Rom\u00e1n, director general del Instituto Municipal del Deporte de Ahome (IMDA), Manuel Alberto Cortes, Presidente del Comit\u00e9 Municipal de Ciclismo, Nereida Ibarra Acosta, viuda de Julio Cesar Garc\u00eda, el abogado Enrique Vega Blanco, y Yussely Soto, ciclista internacional.<br>\u201cEsta situaci\u00f3n jur\u00eddica inicio con una carpeta de investigaci\u00f3n n\u00famero 4377, la cual se convirti\u00f3 posteriormente en la causa penal n\u00famero uno, en raz\u00f3n de los hechos anteriormente conocidos, en este momento estamos en etapa intermedia de las tres etapas del nuevo procedimiento en materia penal oral, actualmente estamos en la segunda etapa , la cual es la exclusi\u00f3n de medios de pruebas que se llevan a juicio, la tercera etapa es donde se desarrollan todos los testimonios y pruebas y se llega a una conclusi\u00f3n condenatoria o absolutoria\u201d, a\u00f1adi\u00f3 abogado Enrique Vega Blanco.<br>Todos estos argumentos est\u00e1n basados en el art\u00edculo 20 constitucional de la carta magna, la cual cuenta con tres apartados, a, b y c; el b consiste en mostrar los derechos de toda persona amputada, mientras que el apartado c consiste en los derechos de las v\u00edctimas.<br>\u201cEs muy triste dar noticias como la de nuestros compa\u00f1eros Julio Cesar y Paulina, pero nos sentimos comprometidos en dar a conocer la situaci\u00f3n jur\u00eddica de este caso tan lamentable, sabemos que nada repara el da\u00f1o ocasionado pero entendemos que la familia y amigos exijan justicia, como autoridad para mi me es muy importante brindar mi apoyo a todas las disciplinas, pero como deportista s\u00e9 el riesgo que implica subirse a una bicicleta, porque yo soy ciclista de muchos a\u00f1os\u201d, agreg\u00f3 Jos\u00e9 Aureliano Valenzuela Rom\u00e1n, director general del Instituto Municipal del Deporte de Ahome (IMDA).<br>El 27 de enero del a\u00f1o pr\u00f3ximo se tendr\u00e1 una audiencia a las 8:30 am para verificar y determinar si fiscal\u00eda autoriza la petici\u00f3n de la defensa.<\/p>\n","protected":false},"excerpt":{"rendered":"<p>Esta ma\u00f1ana se lleva a cabo conferencia de prensa del tema jur\u00eddico del caso Julio Cesar Garc\u00eda Mendivil\u201d Los Mochis, Ahome, Sinaloa, M\u00e9xico. 14 de diciembre del 2021.- Esta ma\u00f1ana se llev\u00f3 a cabo la conferencia de prensa para notificar los pormenores jur\u00eddicos en el caso de los ciclistas Julio Cesar Garc\u00eda Mendivil y Paulina [&hellip;]<\/p>\n","protected":false},"author":2,"featured_media":6939,"comment_status":"open","ping_status":"open","sticky":false,"template":"","format":"standard","meta":{"_mi_skip_tracking":false,"footnotes":""},"categories":[16],"tags":[817,1149,804,21],"class_list":["post-6938","post","type-post","status-publish","format-standard","has-post-thumbnail","hentry","category-accion","tag-chicano-valenzuela","tag-ciclista","tag-imda","tag-sinaloa"],"_links":{"self":[{"href":"https:\/\/www.puntociegoeditorial.com\/web\/wp-json\/wp\/v2\/posts\/6938","targetHints":{"allow":["GET"]}}],"collection":[{"href":"https:\/\/www.puntociegoeditorial.com\/web\/wp-json\/wp\/v2\/posts"}],"about":[{"href":"https:\/\/www.puntociegoeditorial.com\/web\/wp-json\/wp\/v2\/types\/post"}],"author":[{"embeddable":true,"href":"https:\/\/www.puntociegoeditorial.com\/web\/wp-json\/wp\/v2\/users\/2"}],"replies":[{"embeddable":true,"href":"https:\/\/www.puntociegoeditorial.com\/web\/wp-json\/wp\/v2\/comments?post=6938"}],"version-history":[{"count":1,"href":"https:\/\/www.puntociegoeditorial.com\/web\/wp-json\/wp\/v2\/posts\/6938\/revisions"}],"predecessor-version":[{"id":6940,"href":"https:\/\/www.puntociegoeditorial.com\/web\/wp-json\/wp\/v2\/posts\/6938\/revisions\/6940"}],"wp:featuredmedia":[{"embeddable":true,"href":"https:\/\/www.puntociegoeditorial.com\/web\/wp-json\/wp\/v2\/media\/6939"}],"wp:attachment":[{"href":"https:\/\/www.puntociegoeditorial.com\/web\/wp-json\/wp\/v2\/media?parent=6938"}],"wp:term":[{"taxonomy":"category","embeddable":true,"href":"https:\/\/www.puntociegoeditorial.com\/web\/wp-json\/wp\/v2\/categories?post=6938"},{"taxonomy":"post_tag","embeddable":true,"href":"https:\/\/www.puntociegoeditorial.com\/web\/wp-json\/wp\/v2\/tags?post=6938"}],"curies":[{"name":"wp","href":"https:\/\/api.w.org\/{rel}","templated":true}]}}