{"id":7026,"date":"2021-12-15T12:20:04","date_gmt":"2021-12-15T19:20:04","guid":{"rendered":"https:\/\/puntociegoeditorial.com\/web\/?p=7026"},"modified":"2021-12-15T12:20:04","modified_gmt":"2021-12-15T19:20:04","slug":"rinden-protesta-oficiales-del-registro-civil","status":"publish","type":"post","link":"https:\/\/www.puntociegoeditorial.com\/web\/2021\/12\/15\/rinden-protesta-oficiales-del-registro-civil\/","title":{"rendered":"Rinden protesta oficiales del Registro Civil"},"content":{"rendered":"\n<p>Culiac\u00e1n, Sinaloa, a 15 de diciembre de 2021.- Por instrucciones del gobernador Rub\u00e9n Rocha Moya, el subsecretario de Normatividad e Informaci\u00f3n Registral de la Secretar\u00eda General de Gobierno, Omar Alejandro L\u00f3pez Campos, tom\u00f3 protesta a dos nuevas oficiales del Registro Civil del Estado de Sinaloa, que se incorporan a partir de la fecha a la administraci\u00f3n estatal.<\/p>\n\n\n\n<p>Se trata de Nancy Olivia Valdez F\u00e9lix, quien rindi\u00f3 protesta como Oficial del Registro Civil N\u00famero 08, y Marcela Vega Zazueta, quien asumi\u00f3 la misma responsabilidad pero como Oficial del Registro Civil N\u00famero 09, ambas dependencias con sede en Los Mochis.<\/p>\n\n\n\n<p>El acto protocolario que tuvo lugar en Palacio de Gobierno, fue atestiguado por la directora del Registro Civil del Estado de Sinaloa, Mar\u00eda del Carmen Gayt\u00e1n Toledo, en su calidad de titular del \u00e1rea a las que se incorporan las nuevas funcionarias.<\/p>\n","protected":false},"excerpt":{"rendered":"<p>Culiac\u00e1n, Sinaloa, a 15 de diciembre de 2021.- Por instrucciones del gobernador Rub\u00e9n Rocha Moya, el subsecretario de Normatividad e Informaci\u00f3n Registral de la Secretar\u00eda General de Gobierno, Omar Alejandro L\u00f3pez Campos, tom\u00f3 protesta a dos nuevas oficiales del Registro Civil del Estado de Sinaloa, que se incorporan a partir de la fecha a la [&hellip;]<\/p>\n","protected":false},"author":2,"featured_media":7027,"comment_status":"open","ping_status":"open","sticky":false,"template":"","format":"standard","meta":{"_mi_skip_tracking":false,"footnotes":""},"categories":[13],"tags":[1159,134,21],"class_list":["post-7026","post","type-post","status-publish","format-standard","has-post-thumbnail","hentry","category-sinaloa","tag-registro-civil","tag-ruben-rocha-moya","tag-sinaloa"],"_links":{"self":[{"href":"https:\/\/www.puntociegoeditorial.com\/web\/wp-json\/wp\/v2\/posts\/7026","targetHints":{"allow":["GET"]}}],"collection":[{"href":"https:\/\/www.puntociegoeditorial.com\/web\/wp-json\/wp\/v2\/posts"}],"about":[{"href":"https:\/\/www.puntociegoeditorial.com\/web\/wp-json\/wp\/v2\/types\/post"}],"author":[{"embeddable":true,"href":"https:\/\/www.puntociegoeditorial.com\/web\/wp-json\/wp\/v2\/users\/2"}],"replies":[{"embeddable":true,"href":"https:\/\/www.puntociegoeditorial.com\/web\/wp-json\/wp\/v2\/comments?post=7026"}],"version-history":[{"count":1,"href":"https:\/\/www.puntociegoeditorial.com\/web\/wp-json\/wp\/v2\/posts\/7026\/revisions"}],"predecessor-version":[{"id":7028,"href":"https:\/\/www.puntociegoeditorial.com\/web\/wp-json\/wp\/v2\/posts\/7026\/revisions\/7028"}],"wp:featuredmedia":[{"embeddable":true,"href":"https:\/\/www.puntociegoeditorial.com\/web\/wp-json\/wp\/v2\/media\/7027"}],"wp:attachment":[{"href":"https:\/\/www.puntociegoeditorial.com\/web\/wp-json\/wp\/v2\/media?parent=7026"}],"wp:term":[{"taxonomy":"category","embeddable":true,"href":"https:\/\/www.puntociegoeditorial.com\/web\/wp-json\/wp\/v2\/categories?post=7026"},{"taxonomy":"post_tag","embeddable":true,"href":"https:\/\/www.puntociegoeditorial.com\/web\/wp-json\/wp\/v2\/tags?post=7026"}],"curies":[{"name":"wp","href":"https:\/\/api.w.org\/{rel}","templated":true}]}}