{"id":7032,"date":"2021-12-15T14:53:59","date_gmt":"2021-12-15T21:53:59","guid":{"rendered":"https:\/\/puntociegoeditorial.com\/web\/?p=7032"},"modified":"2021-12-15T14:53:59","modified_gmt":"2021-12-15T21:53:59","slug":"concluyo-1ra-etapa-del-programa-piensa-activate-y-superate-en-la-uas","status":"publish","type":"post","link":"https:\/\/www.puntociegoeditorial.com\/web\/2021\/12\/15\/concluyo-1ra-etapa-del-programa-piensa-activate-y-superate-en-la-uas\/","title":{"rendered":"Concluy\u00f3 1ra etapa del programa, piensa, act\u00edvate y sup\u00e9rate en la UAS"},"content":{"rendered":"\n<p>15 diciembre 2021.- Concluy\u00f3 con \u00e9xito la primera etapa del programa: piensa, act\u00edvate y sup\u00e9rate, que desde el mes de octubre se ven\u00eda realizando, con la organizaci\u00f3n en conjunto de la direcci\u00f3n general de deportes que comanda, Gilberto Berrelleza Reyes y la unidad de bienestar universitario que encabeza la maestra Sof\u00eda Angulo de Madue\u00f1a.<br>Dicho programa tuvo como objetivo principal el de proporcionar activaci\u00f3n f\u00edsica en medio de la pandemia, en la seguridad de sus hogares, en transmisi\u00f3n en vio por internet a: empleados universitarios, hijos de trabajadores universitarios y estudiantes de nuestra m\u00e1xima casa estudios, impartidas por los licenciados en cultura f\u00edsica: Jes\u00fas Garibaldi y Octavio Camacho.<br>\u201cDebido al \u00e9xito de esta primera etapa de este novedoso programa, con el apoyo de las actividades universitarias encabezadas por el rector, Dr. Jes\u00fas Madue\u00f1a Molina, nos prepararemos con el fin de continuar con este programa en una segunda etapa, primer Dios, el a\u00f1o que se avecina\u201d. Coment\u00f3, el maestro C\u00e9sar Acosta Ojeda, subdirector de deportes UAS.<br>Aproximadamente, una centena de participantes ten\u00eda por d\u00eda esta hora de activaci\u00f3n f\u00edsica. La cual era de lunes a jueves por las tardes, con una hora para ni\u00f1os j\u00f3venes y una hora para trabajadores de la universidad de modo gratuito.<\/p>\n","protected":false},"excerpt":{"rendered":"<p>15 diciembre 2021.- Concluy\u00f3 con \u00e9xito la primera etapa del programa: piensa, act\u00edvate y sup\u00e9rate, que desde el mes de octubre se ven\u00eda realizando, con la organizaci\u00f3n en conjunto de la direcci\u00f3n general de deportes que comanda, Gilberto Berrelleza Reyes y la unidad de bienestar universitario que encabeza la maestra Sof\u00eda Angulo de Madue\u00f1a.Dicho programa [&hellip;]<\/p>\n","protected":false},"author":2,"featured_media":7033,"comment_status":"open","ping_status":"open","sticky":false,"template":"","format":"standard","meta":{"_mi_skip_tracking":false,"footnotes":""},"categories":[16],"tags":[958,21,133],"class_list":["post-7032","post","type-post","status-publish","format-standard","has-post-thumbnail","hentry","category-accion","tag-jesus-maduena-molina","tag-sinaloa","tag-uas"],"_links":{"self":[{"href":"https:\/\/www.puntociegoeditorial.com\/web\/wp-json\/wp\/v2\/posts\/7032","targetHints":{"allow":["GET"]}}],"collection":[{"href":"https:\/\/www.puntociegoeditorial.com\/web\/wp-json\/wp\/v2\/posts"}],"about":[{"href":"https:\/\/www.puntociegoeditorial.com\/web\/wp-json\/wp\/v2\/types\/post"}],"author":[{"embeddable":true,"href":"https:\/\/www.puntociegoeditorial.com\/web\/wp-json\/wp\/v2\/users\/2"}],"replies":[{"embeddable":true,"href":"https:\/\/www.puntociegoeditorial.com\/web\/wp-json\/wp\/v2\/comments?post=7032"}],"version-history":[{"count":1,"href":"https:\/\/www.puntociegoeditorial.com\/web\/wp-json\/wp\/v2\/posts\/7032\/revisions"}],"predecessor-version":[{"id":7034,"href":"https:\/\/www.puntociegoeditorial.com\/web\/wp-json\/wp\/v2\/posts\/7032\/revisions\/7034"}],"wp:featuredmedia":[{"embeddable":true,"href":"https:\/\/www.puntociegoeditorial.com\/web\/wp-json\/wp\/v2\/media\/7033"}],"wp:attachment":[{"href":"https:\/\/www.puntociegoeditorial.com\/web\/wp-json\/wp\/v2\/media?parent=7032"}],"wp:term":[{"taxonomy":"category","embeddable":true,"href":"https:\/\/www.puntociegoeditorial.com\/web\/wp-json\/wp\/v2\/categories?post=7032"},{"taxonomy":"post_tag","embeddable":true,"href":"https:\/\/www.puntociegoeditorial.com\/web\/wp-json\/wp\/v2\/tags?post=7032"}],"curies":[{"name":"wp","href":"https:\/\/api.w.org\/{rel}","templated":true}]}}